{"id":1174,"date":"2025-11-01T09:00:00","date_gmt":"2025-11-01T08:00:00","guid":{"rendered":"https:\/\/www.surfers-residence.com\/?p=221"},"modified":"2025-11-01T09:00:00","modified_gmt":"2025-11-01T08:00:00","slug":"invierno-tarifa-surfistas-swells","status":"publish","type":"post","link":"https:\/\/www.surfers-residence.com\/cs\/invierno-tarifa-surfistas-swells\/","title":{"rendered":"Invierno en Tarifa para surfistas: las swells atl\u00e1nticas y las sesiones de ensue\u00f1o"},"content":{"rendered":"<p>Zat\u00edmco se zbytek Evropy p\u0159ipravuje na zimu, Tarifa se probouz\u00ed. Prvn\u00ed atlantick\u00e9 bou\u0159e v \u0159\u00edjnu a listopadu p\u0159in\u00e1\u0161ej\u00ed vlny, kter\u00e9 v l\u00e9t\u011b prost\u011b neexistuj\u00ed, a jezdci, kte\u0159\u00ed v\u011bd\u00ed, jak je vyu\u017e\u00edt, za\u017e\u00edvaj\u00ed jedny z nejlep\u0161\u00edch seanc\u00ed roku.<\/p>\n<h2>Zimn\u00ed vlny<\/h2>\n<p>Zimn\u00ed vlny v Tarife mohou na nejexponovan\u011bj\u0161\u00edch pl\u00e1\u017e\u00edch dosahovat v\u00fd\u0161ky 2 a\u017e 4 metry. Bolonia, Punta Paloma a atlantick\u00e1 strana pob\u0159e\u017e\u00ed dost\u00e1vaj\u00ed p\u0159\u00edmou energii z n\u00edzkotlak\u00fdch syst\u00e9m\u016f, kter\u00e9 se tvo\u0159\u00ed v severn\u00edm Atlantiku. Pro vlnov\u00fd surf a vlnov\u00fd kite jsou to podm\u00ednky sv\u011btov\u00e9 \u00farovn\u011b.<\/p>\n<h2>Vitr zimy<\/h2>\n<p>V zim\u011b se m\u011bn\u00ed vzorec v\u011btr\u016f: z\u00e1padn\u00ed v\u00edtr (poniente) z\u00edsk\u00e1v\u00e1 na s\u00edle oproti letn\u00edmu v\u00fdchodn\u00edmu v\u011btru (levante). Zimn\u00ed z\u00e1padn\u00ed v\u00edtr p\u0159in\u00e1\u0161\u00ed siln\u00fd v\u00edtr ze z\u00e1padu a z\u00e1rove\u0148 vlny, co\u017e je perfektn\u00ed kombinace pro kitesurfing na vln\u00e1ch a windsurfing na vln\u00e1ch. Tak\u00e9 je v\u00edce dn\u016f s naprost\u00fdm bezv\u011bt\u0159\u00edm ne\u017e v l\u00e9t\u011b.<\/p>\n<h2>Je zima?<\/h2>\n<p>Voda v prosinci a\u017e \u00fanoru se pohybuje kolem 15-17 \u00b0C: studen\u00e1, ale zvladateln\u00e1 s dobr\u00fdm oblekem 5\/4 mm, kuklou, rukavicemi a neoprenov\u00fdmi botami. Vzduch je m\u00edrn\u00fd: b\u011bhem dne z\u0159\u00eddka kles\u00e1 pod 12-15 \u00b0C. Pro Italy nebo St\u0159edoevropany to nen\u00ed skute\u010dn\u00fd chlad.<\/p>\n<h2>Ceny a zimn\u00ed klid<\/h2>\n<p>V zim\u011b ceny v Tarif\u011b klesaj\u00ed o 40% a\u017e 60% oproti l\u00e9tu. <strong>Surfers Residence<\/strong> m\u00e1 velmi dostupn\u00e9 mimosez\u00f3nn\u00ed sazby a mo\u017enost dlouhodob\u00fdch pobyt\u016f za speci\u00e1ln\u00ed cenu. Je to ide\u00e1ln\u00ed sez\u00f3na pro digit\u00e1ln\u00ed nom\u00e1dy, kte\u0159\u00ed cht\u011bj\u00ed spojit pr\u00e1ci s vodou.<\/p>","protected":false},"excerpt":{"rendered":"<p>Zimn\u00ed tarif pro surfa\u0159e: atlantick\u00e9 swell, z\u00e1padn\u00ed v\u00edtr, teplota vody a pro\u010d n\u00edzk\u00e9 ceny d\u011blaj\u00ed ze zimy perfektn\u00ed sez\u00f3nu.<\/p>","protected":false},"author":1,"featured_media":0,"comment_status":"open","ping_status":"open","sticky":false,"template":"","format":"standard","meta":{"footnotes":""},"categories":[11,10],"tags":[],"class_list":["post-1174","post","type-post","status-publish","format-standard","hentry","category-surf-lifestyle","category-tarifa"],"yoast_head":"<!-- This site is optimized with the Yoast SEO plugin v25.3 - https:\/\/yoast.com\/wordpress\/plugins\/seo\/ -->\n<title>Invierno en Tarifa para surfistas: las swells atl\u00e1nticas y las sesiones de ensue\u00f1o - Surfers Residence<\/title>\n<meta name=\"robots\" content=\"index, follow, max-snippet:-1, max-image-preview:large, max-video-preview:-1\" \/>\n<link rel=\"canonical\" href=\"https:\/\/www.surfers-residence.com\/cs\/invierno-tarifa-surfistas-swells\/\" \/>\n<meta property=\"og:locale\" content=\"cs_CZ\" \/>\n<meta property=\"og:type\" content=\"article\" \/>\n<meta property=\"og:title\" content=\"Invierno en Tarifa para surfistas: las swells atl\u00e1nticas y las sesiones de ensue\u00f1o - Surfers Residence\" \/>\n<meta property=\"og:description\" content=\"Tarifa en invierno para surfistas: las swells atl\u00e1nticas, el viento de poniente, la temperatura del agua y por qu\u00e9 los precios bajos hacen del invierno la temporada perfecta.\" \/>\n<meta property=\"og:url\" content=\"https:\/\/www.surfers-residence.com\/cs\/invierno-tarifa-surfistas-swells\/\" \/>\n<meta property=\"og:site_name\" content=\"Surfers Residence\" \/>\n<meta property=\"article:published_time\" content=\"2025-11-01T08:00:00+00:00\" \/>\n<meta name=\"author\" content=\"admin\" \/>\n<meta name=\"twitter:card\" content=\"summary_large_image\" \/>\n<meta name=\"twitter:label1\" content=\"Napsal(a)\" \/>\n\t<meta name=\"twitter:data1\" content=\"admin\" \/>\n\t<meta name=\"twitter:label2\" content=\"Odhadovan\u00e1 doba \u010dten\u00ed\" \/>\n\t<meta name=\"twitter:data2\" content=\"1 minuta\" \/>\n<script type=\"application\/ld+json\" class=\"yoast-schema-graph\">{\"@context\":\"https:\/\/schema.org\",\"@graph\":[{\"@type\":\"WebPage\",\"@id\":\"https:\/\/www.surfers-residence.com\/invierno-tarifa-surfistas-swells\/\",\"url\":\"https:\/\/www.surfers-residence.com\/invierno-tarifa-surfistas-swells\/\",\"name\":\"Invierno en Tarifa para surfistas: las swells atl\u00e1nticas y las sesiones de ensue\u00f1o - Surfers Residence\",\"isPartOf\":{\"@id\":\"https:\/\/www.surfers-residence.com\/#website\"},\"datePublished\":\"2025-11-01T08:00:00+00:00\",\"author\":{\"@id\":\"https:\/\/www.surfers-residence.com\/#\/schema\/person\/a96b557d6d3bfe4a478db099efcf99d3\"},\"breadcrumb\":{\"@id\":\"https:\/\/www.surfers-residence.com\/invierno-tarifa-surfistas-swells\/#breadcrumb\"},\"inLanguage\":\"cs\",\"potentialAction\":[{\"@type\":\"ReadAction\",\"target\":[\"https:\/\/www.surfers-residence.com\/invierno-tarifa-surfistas-swells\/\"]}]},{\"@type\":\"BreadcrumbList\",\"@id\":\"https:\/\/www.surfers-residence.com\/invierno-tarifa-surfistas-swells\/#breadcrumb\",\"itemListElement\":[{\"@type\":\"ListItem\",\"position\":1,\"name\":\"Portada\",\"item\":\"https:\/\/www.surfers-residence.com\/\"},{\"@type\":\"ListItem\",\"position\":2,\"name\":\"Invierno en Tarifa para surfistas: las swells atl\u00e1nticas y las sesiones de ensue\u00f1o\"}]},{\"@type\":\"WebSite\",\"@id\":\"https:\/\/www.surfers-residence.com\/#website\",\"url\":\"https:\/\/www.surfers-residence.com\/\",\"name\":\"Surfers Residence\",\"description\":\"The Best Surfer House in Tarifa\",\"potentialAction\":[{\"@type\":\"SearchAction\",\"target\":{\"@type\":\"EntryPoint\",\"urlTemplate\":\"https:\/\/www.surfers-residence.com\/?s={search_term_string}\"},\"query-input\":{\"@type\":\"PropertyValueSpecification\",\"valueRequired\":true,\"valueName\":\"search_term_string\"}}],\"inLanguage\":\"cs\"},{\"@type\":\"Person\",\"@id\":\"https:\/\/www.surfers-residence.com\/#\/schema\/person\/a96b557d6d3bfe4a478db099efcf99d3\",\"name\":\"admin\",\"image\":{\"@type\":\"ImageObject\",\"inLanguage\":\"cs\",\"@id\":\"https:\/\/www.surfers-residence.com\/#\/schema\/person\/image\/\",\"url\":\"https:\/\/secure.gravatar.com\/avatar\/7c2c2556342a0ab19fe5ff8ddbcbc242ee2819bbeb9f6447d41b220b4a720de0?s=96&d=mm&r=g\",\"contentUrl\":\"https:\/\/secure.gravatar.com\/avatar\/7c2c2556342a0ab19fe5ff8ddbcbc242ee2819bbeb9f6447d41b220b4a720de0?s=96&d=mm&r=g\",\"caption\":\"admin\"},\"sameAs\":[\"https:\/\/www.surfers-residence.com\"],\"url\":\"https:\/\/www.surfers-residence.com\/cs\/author\/dev_u4gr8zec\/\"}]}<\/script>\n<!-- \/ Yoast SEO plugin. -->","yoast_head_json":{"title":"Invierno en Tarifa para surfistas: las swells atl\u00e1nticas y las sesiones de ensue\u00f1o - Surfers Residence","robots":{"index":"index","follow":"follow","max-snippet":"max-snippet:-1","max-image-preview":"max-image-preview:large","max-video-preview":"max-video-preview:-1"},"canonical":"https:\/\/www.surfers-residence.com\/cs\/invierno-tarifa-surfistas-swells\/","og_locale":"cs_CZ","og_type":"article","og_title":"Invierno en Tarifa para surfistas: las swells atl\u00e1nticas y las sesiones de ensue\u00f1o - Surfers Residence","og_description":"Tarifa en invierno para surfistas: las swells atl\u00e1nticas, el viento de poniente, la temperatura del agua y por qu\u00e9 los precios bajos hacen del invierno la temporada perfecta.","og_url":"https:\/\/www.surfers-residence.com\/cs\/invierno-tarifa-surfistas-swells\/","og_site_name":"Surfers Residence","article_published_time":"2025-11-01T08:00:00+00:00","author":"admin","twitter_card":"summary_large_image","twitter_misc":{"Napsal(a)":"admin","Odhadovan\u00e1 doba \u010dten\u00ed":"1 minuta"},"schema":{"@context":"https:\/\/schema.org","@graph":[{"@type":"WebPage","@id":"https:\/\/www.surfers-residence.com\/invierno-tarifa-surfistas-swells\/","url":"https:\/\/www.surfers-residence.com\/invierno-tarifa-surfistas-swells\/","name":"Invierno en Tarifa para surfistas: las swells atl\u00e1nticas y las sesiones de ensue\u00f1o - Surfers Residence","isPartOf":{"@id":"https:\/\/www.surfers-residence.com\/#website"},"datePublished":"2025-11-01T08:00:00+00:00","author":{"@id":"https:\/\/www.surfers-residence.com\/#\/schema\/person\/a96b557d6d3bfe4a478db099efcf99d3"},"breadcrumb":{"@id":"https:\/\/www.surfers-residence.com\/invierno-tarifa-surfistas-swells\/#breadcrumb"},"inLanguage":"cs","potentialAction":[{"@type":"ReadAction","target":["https:\/\/www.surfers-residence.com\/invierno-tarifa-surfistas-swells\/"]}]},{"@type":"BreadcrumbList","@id":"https:\/\/www.surfers-residence.com\/invierno-tarifa-surfistas-swells\/#breadcrumb","itemListElement":[{"@type":"ListItem","position":1,"name":"Portada","item":"https:\/\/www.surfers-residence.com\/"},{"@type":"ListItem","position":2,"name":"Invierno en Tarifa para surfistas: las swells atl\u00e1nticas y las sesiones de ensue\u00f1o"}]},{"@type":"WebSite","@id":"https:\/\/www.surfers-residence.com\/#website","url":"https:\/\/www.surfers-residence.com\/","name":"Surfers Residence","description":"The Best Surfer House in Tarifa","potentialAction":[{"@type":"SearchAction","target":{"@type":"EntryPoint","urlTemplate":"https:\/\/www.surfers-residence.com\/?s={search_term_string}"},"query-input":{"@type":"PropertyValueSpecification","valueRequired":true,"valueName":"search_term_string"}}],"inLanguage":"cs"},{"@type":"Person","@id":"https:\/\/www.surfers-residence.com\/#\/schema\/person\/a96b557d6d3bfe4a478db099efcf99d3","name":"admin","image":{"@type":"ImageObject","inLanguage":"cs","@id":"https:\/\/www.surfers-residence.com\/#\/schema\/person\/image\/","url":"https:\/\/secure.gravatar.com\/avatar\/7c2c2556342a0ab19fe5ff8ddbcbc242ee2819bbeb9f6447d41b220b4a720de0?s=96&d=mm&r=g","contentUrl":"https:\/\/secure.gravatar.com\/avatar\/7c2c2556342a0ab19fe5ff8ddbcbc242ee2819bbeb9f6447d41b220b4a720de0?s=96&d=mm&r=g","caption":"admin"},"sameAs":["https:\/\/www.surfers-residence.com"],"url":"https:\/\/www.surfers-residence.com\/cs\/author\/dev_u4gr8zec\/"}]}},"_links":{"self":[{"href":"https:\/\/www.surfers-residence.com\/cs\/wp-json\/wp\/v2\/posts\/1174","targetHints":{"allow":["GET"]}}],"collection":[{"href":"https:\/\/www.surfers-residence.com\/cs\/wp-json\/wp\/v2\/posts"}],"about":[{"href":"https:\/\/www.surfers-residence.com\/cs\/wp-json\/wp\/v2\/types\/post"}],"author":[{"embeddable":true,"href":"https:\/\/www.surfers-residence.com\/cs\/wp-json\/wp\/v2\/users\/1"}],"replies":[{"embeddable":true,"href":"https:\/\/www.surfers-residence.com\/cs\/wp-json\/wp\/v2\/comments?post=1174"}],"version-history":[{"count":0,"href":"https:\/\/www.surfers-residence.com\/cs\/wp-json\/wp\/v2\/posts\/1174\/revisions"}],"wp:attachment":[{"href":"https:\/\/www.surfers-residence.com\/cs\/wp-json\/wp\/v2\/media?parent=1174"}],"wp:term":[{"taxonomy":"category","embeddable":true,"href":"https:\/\/www.surfers-residence.com\/cs\/wp-json\/wp\/v2\/categories?post=1174"},{"taxonomy":"post_tag","embeddable":true,"href":"https:\/\/www.surfers-residence.com\/cs\/wp-json\/wp\/v2\/tags?post=1174"}],"curies":[{"name":"wp","href":"https:\/\/api.w.org\/{rel}","templated":true}]}}