{"id":1177,"date":"2025-11-30T09:00:00","date_gmt":"2025-11-30T08:00:00","guid":{"rendered":"https:\/\/www.surfers-residence.com\/?p=224"},"modified":"2025-11-30T09:00:00","modified_gmt":"2025-11-30T08:00:00","slug":"un-ano-surfers-residence-tarifa","status":"publish","type":"post","link":"https:\/\/www.surfers-residence.com\/cs\/un-ano-surfers-residence-tarifa\/","title":{"rendered":"Un a\u00f1o en la Surfers Residence: el diario de un rider que eligi\u00f3 Tarifa"},"content":{"rendered":"<p>Tento \u010dl\u00e1nek je trochu jin\u00fd ne\u017e ostatn\u00ed. Nen\u00ed to technick\u00e1 p\u0159\u00edru\u010dka, ani seznam tip\u016f. Je to p\u0159\u00edb\u011bh Marca, jednoho z na\u0161ich host\u016f, kter\u00fd p\u0159ijel na kurz kiteboardingu do Surfers Residence a je\u0161t\u011b se nevr\u00e1til dom\u016f. Tedy zat\u00edm ne.<\/p>\n<h2>&amp;#\u201eM\u011bl jsem tam b\u00fdt jen t\u00fdden. Z\u016fstal jsem \u0161est m\u011bs\u00edc\u016f.\u201c&amp;#<\/h2>\n<p>Marco m\u00e1 34 let, je z Mil\u00e1na, pracuje jako webov\u00fd v\u00fdvoj\u00e1\u0159 na d\u00e1lku. &amp;#\u201eP\u0159ijel jsem sem loni v \u010dervnu. Rezervoval jsem si t\u00fdden, kurz kitesurfingu a nic v\u00edc. P\u00e1t\u00fd den jsem pochopil, \u017ee nechci odjet.\u201c&#8221;<\/p>\n<h2>Progrese: od za\u010d\u00e1te\u010dn\u00edka k nez\u00e1visl\u00e9mu jezdci<\/h2>\n<p>&#8220;Terminado el curso b\u00e1sico, hice cuatro sesiones solo y luego tom\u00e9 clases avanzadas con un instructor local. En dos meses ya consegu\u00eda girarme y hacer alg\u00fan saltito. La progresi\u00f3n en Tarifa es r\u00e1pida: tienes tanto viento que te entrenas cada d\u00eda.&#8221;<\/p>\n<h2>Pr\u00e1ce na d\u00e1lku a \u017eivot kur\u00fdra<\/h2>\n<p>&#8220;Moj\u00ed rutinou bylo: vst\u00e1t v 7, zkontrolovat p\u0159edpov\u011bdi, sn\u00eddan\u011b s ostatn\u00edmi hosty. Pokud foukal dobr\u00fd v\u00edtr r\u00e1no, pracoval jsem od 14 do 20. Pokud v\u00edtr p\u0159i\u0161el odpoledne, pracoval jsem dopoledne. WiFi v Surfers Residence funguje dob\u0159e, m\u00e1m p\u00e1r videohovor\u016f t\u00fddn\u011b a zbytek \u010dasu si m\u016f\u017eu \u0159\u00eddit sv\u016fj rozvrh.&#8221;<\/p>\n<h2>Co ti v Mil\u00e1n\u011b chyb\u00ed?<\/h2>\n<p>A#\u201ePizza, up\u0159\u00edmn\u011b. A o v\u00edkendech moji p\u0159\u00e1tel\u00e9. Ale poka\u017ed\u00e9, kdy\u017e na to pomysl\u00edm a pod\u00edv\u00e1m se z okna s Atlantikem p\u0159ede mnou a foukaj\u00edc\u00edm v\u011btrem&amp;#... u\u017e to ch\u00e1pe\u0161.&amp;#\u201c<\/p>\n<h2>Rada pro ty, kte\u0159\u00ed zva\u017euj\u00ed p\u0159ijezd<\/h2>\n<p>&#8220;P\u0159ije\u010fte na t\u00fdden. Ned\u011blejte si p\u0159\u00edli\u0161 pevn\u00e9 pl\u00e1ny. Nechte se p\u0159ekvapit. Tarifa si d\u011bl\u00e1, co chce, s v\u011btrem i s lidmi.&#8221;<\/p>\n<p>D\u011bkuji, Marco, za d\u016fv\u011bru a za to, \u017ee jste sv\u00fdm pobytem u\u010dinil Surfers Residence je\u0161t\u011b v\u00fdjime\u010dn\u011bj\u0161\u00edm m\u00edstem.<\/p>","protected":false},"excerpt":{"rendered":"<p>P\u0159\u00edb\u011bh Marca: p\u0159ijel na Surfers Residence na kurz kiteboardingu, z\u016fstal \u0161est m\u011bs\u00edc\u016f. Vypr\u00e1v\u011bn\u00ed toho, kdo si vybral Tarifu jako sv\u016fj domov.<\/p>","protected":false},"author":1,"featured_media":0,"comment_status":"open","ping_status":"open","sticky":false,"template":"","format":"standard","meta":{"footnotes":""},"categories":[11,10],"tags":[],"class_list":["post-1177","post","type-post","status-publish","format-standard","hentry","category-surf-lifestyle","category-tarifa"],"yoast_head":"<!-- This site is optimized with the Yoast SEO plugin v25.3 - https:\/\/yoast.com\/wordpress\/plugins\/seo\/ -->\n<title>Un a\u00f1o en la Surfers Residence: el diario de un rider que eligi\u00f3 Tarifa - Surfers Residence<\/title>\n<meta name=\"robots\" content=\"index, follow, max-snippet:-1, max-image-preview:large, max-video-preview:-1\" \/>\n<link rel=\"canonical\" href=\"https:\/\/www.surfers-residence.com\/cs\/un-ano-surfers-residence-tarifa\/\" \/>\n<meta property=\"og:locale\" content=\"cs_CZ\" \/>\n<meta property=\"og:type\" content=\"article\" \/>\n<meta property=\"og:title\" content=\"Un a\u00f1o en la Surfers Residence: el diario de un rider que eligi\u00f3 Tarifa - Surfers Residence\" \/>\n<meta property=\"og:description\" content=\"La historia de Marco: lleg\u00f3 a la Surfers Residence para un curso de kite, se qued\u00f3 seis meses. El relato de quien eligi\u00f3 Tarifa como hogar.\" \/>\n<meta property=\"og:url\" content=\"https:\/\/www.surfers-residence.com\/cs\/un-ano-surfers-residence-tarifa\/\" \/>\n<meta property=\"og:site_name\" content=\"Surfers Residence\" \/>\n<meta property=\"article:published_time\" content=\"2025-11-30T08:00:00+00:00\" \/>\n<meta name=\"author\" content=\"admin\" \/>\n<meta name=\"twitter:card\" content=\"summary_large_image\" \/>\n<meta name=\"twitter:label1\" content=\"Napsal(a)\" \/>\n\t<meta name=\"twitter:data1\" content=\"admin\" \/>\n\t<meta name=\"twitter:label2\" content=\"Odhadovan\u00e1 doba \u010dten\u00ed\" \/>\n\t<meta name=\"twitter:data2\" content=\"2 minuty\" \/>\n<script type=\"application\/ld+json\" class=\"yoast-schema-graph\">{\"@context\":\"https:\/\/schema.org\",\"@graph\":[{\"@type\":\"WebPage\",\"@id\":\"https:\/\/www.surfers-residence.com\/un-ano-surfers-residence-tarifa\/\",\"url\":\"https:\/\/www.surfers-residence.com\/un-ano-surfers-residence-tarifa\/\",\"name\":\"Un a\u00f1o en la Surfers Residence: el diario de un rider que eligi\u00f3 Tarifa - Surfers Residence\",\"isPartOf\":{\"@id\":\"https:\/\/www.surfers-residence.com\/#website\"},\"datePublished\":\"2025-11-30T08:00:00+00:00\",\"author\":{\"@id\":\"https:\/\/www.surfers-residence.com\/#\/schema\/person\/a96b557d6d3bfe4a478db099efcf99d3\"},\"breadcrumb\":{\"@id\":\"https:\/\/www.surfers-residence.com\/un-ano-surfers-residence-tarifa\/#breadcrumb\"},\"inLanguage\":\"cs\",\"potentialAction\":[{\"@type\":\"ReadAction\",\"target\":[\"https:\/\/www.surfers-residence.com\/un-ano-surfers-residence-tarifa\/\"]}]},{\"@type\":\"BreadcrumbList\",\"@id\":\"https:\/\/www.surfers-residence.com\/un-ano-surfers-residence-tarifa\/#breadcrumb\",\"itemListElement\":[{\"@type\":\"ListItem\",\"position\":1,\"name\":\"Portada\",\"item\":\"https:\/\/www.surfers-residence.com\/\"},{\"@type\":\"ListItem\",\"position\":2,\"name\":\"Un a\u00f1o en la Surfers Residence: el diario de un rider que eligi\u00f3 Tarifa\"}]},{\"@type\":\"WebSite\",\"@id\":\"https:\/\/www.surfers-residence.com\/#website\",\"url\":\"https:\/\/www.surfers-residence.com\/\",\"name\":\"Surfers Residence\",\"description\":\"The Best Surfer House in Tarifa\",\"potentialAction\":[{\"@type\":\"SearchAction\",\"target\":{\"@type\":\"EntryPoint\",\"urlTemplate\":\"https:\/\/www.surfers-residence.com\/?s={search_term_string}\"},\"query-input\":{\"@type\":\"PropertyValueSpecification\",\"valueRequired\":true,\"valueName\":\"search_term_string\"}}],\"inLanguage\":\"cs\"},{\"@type\":\"Person\",\"@id\":\"https:\/\/www.surfers-residence.com\/#\/schema\/person\/a96b557d6d3bfe4a478db099efcf99d3\",\"name\":\"admin\",\"image\":{\"@type\":\"ImageObject\",\"inLanguage\":\"cs\",\"@id\":\"https:\/\/www.surfers-residence.com\/#\/schema\/person\/image\/\",\"url\":\"https:\/\/secure.gravatar.com\/avatar\/7c2c2556342a0ab19fe5ff8ddbcbc242ee2819bbeb9f6447d41b220b4a720de0?s=96&d=mm&r=g\",\"contentUrl\":\"https:\/\/secure.gravatar.com\/avatar\/7c2c2556342a0ab19fe5ff8ddbcbc242ee2819bbeb9f6447d41b220b4a720de0?s=96&d=mm&r=g\",\"caption\":\"admin\"},\"sameAs\":[\"https:\/\/www.surfers-residence.com\"],\"url\":\"https:\/\/www.surfers-residence.com\/cs\/author\/dev_u4gr8zec\/\"}]}<\/script>\n<!-- \/ Yoast SEO plugin. -->","yoast_head_json":{"title":"Un a\u00f1o en la Surfers Residence: el diario de un rider que eligi\u00f3 Tarifa - Surfers Residence","robots":{"index":"index","follow":"follow","max-snippet":"max-snippet:-1","max-image-preview":"max-image-preview:large","max-video-preview":"max-video-preview:-1"},"canonical":"https:\/\/www.surfers-residence.com\/cs\/un-ano-surfers-residence-tarifa\/","og_locale":"cs_CZ","og_type":"article","og_title":"Un a\u00f1o en la Surfers Residence: el diario de un rider que eligi\u00f3 Tarifa - Surfers Residence","og_description":"La historia de Marco: lleg\u00f3 a la Surfers Residence para un curso de kite, se qued\u00f3 seis meses. El relato de quien eligi\u00f3 Tarifa como hogar.","og_url":"https:\/\/www.surfers-residence.com\/cs\/un-ano-surfers-residence-tarifa\/","og_site_name":"Surfers Residence","article_published_time":"2025-11-30T08:00:00+00:00","author":"admin","twitter_card":"summary_large_image","twitter_misc":{"Napsal(a)":"admin","Odhadovan\u00e1 doba \u010dten\u00ed":"2 minuty"},"schema":{"@context":"https:\/\/schema.org","@graph":[{"@type":"WebPage","@id":"https:\/\/www.surfers-residence.com\/un-ano-surfers-residence-tarifa\/","url":"https:\/\/www.surfers-residence.com\/un-ano-surfers-residence-tarifa\/","name":"Un a\u00f1o en la Surfers Residence: el diario de un rider que eligi\u00f3 Tarifa - Surfers Residence","isPartOf":{"@id":"https:\/\/www.surfers-residence.com\/#website"},"datePublished":"2025-11-30T08:00:00+00:00","author":{"@id":"https:\/\/www.surfers-residence.com\/#\/schema\/person\/a96b557d6d3bfe4a478db099efcf99d3"},"breadcrumb":{"@id":"https:\/\/www.surfers-residence.com\/un-ano-surfers-residence-tarifa\/#breadcrumb"},"inLanguage":"cs","potentialAction":[{"@type":"ReadAction","target":["https:\/\/www.surfers-residence.com\/un-ano-surfers-residence-tarifa\/"]}]},{"@type":"BreadcrumbList","@id":"https:\/\/www.surfers-residence.com\/un-ano-surfers-residence-tarifa\/#breadcrumb","itemListElement":[{"@type":"ListItem","position":1,"name":"Portada","item":"https:\/\/www.surfers-residence.com\/"},{"@type":"ListItem","position":2,"name":"Un a\u00f1o en la Surfers Residence: el diario de un rider que eligi\u00f3 Tarifa"}]},{"@type":"WebSite","@id":"https:\/\/www.surfers-residence.com\/#website","url":"https:\/\/www.surfers-residence.com\/","name":"Surfers Residence","description":"The Best Surfer House in Tarifa","potentialAction":[{"@type":"SearchAction","target":{"@type":"EntryPoint","urlTemplate":"https:\/\/www.surfers-residence.com\/?s={search_term_string}"},"query-input":{"@type":"PropertyValueSpecification","valueRequired":true,"valueName":"search_term_string"}}],"inLanguage":"cs"},{"@type":"Person","@id":"https:\/\/www.surfers-residence.com\/#\/schema\/person\/a96b557d6d3bfe4a478db099efcf99d3","name":"admin","image":{"@type":"ImageObject","inLanguage":"cs","@id":"https:\/\/www.surfers-residence.com\/#\/schema\/person\/image\/","url":"https:\/\/secure.gravatar.com\/avatar\/7c2c2556342a0ab19fe5ff8ddbcbc242ee2819bbeb9f6447d41b220b4a720de0?s=96&d=mm&r=g","contentUrl":"https:\/\/secure.gravatar.com\/avatar\/7c2c2556342a0ab19fe5ff8ddbcbc242ee2819bbeb9f6447d41b220b4a720de0?s=96&d=mm&r=g","caption":"admin"},"sameAs":["https:\/\/www.surfers-residence.com"],"url":"https:\/\/www.surfers-residence.com\/cs\/author\/dev_u4gr8zec\/"}]}},"_links":{"self":[{"href":"https:\/\/www.surfers-residence.com\/cs\/wp-json\/wp\/v2\/posts\/1177","targetHints":{"allow":["GET"]}}],"collection":[{"href":"https:\/\/www.surfers-residence.com\/cs\/wp-json\/wp\/v2\/posts"}],"about":[{"href":"https:\/\/www.surfers-residence.com\/cs\/wp-json\/wp\/v2\/types\/post"}],"author":[{"embeddable":true,"href":"https:\/\/www.surfers-residence.com\/cs\/wp-json\/wp\/v2\/users\/1"}],"replies":[{"embeddable":true,"href":"https:\/\/www.surfers-residence.com\/cs\/wp-json\/wp\/v2\/comments?post=1177"}],"version-history":[{"count":0,"href":"https:\/\/www.surfers-residence.com\/cs\/wp-json\/wp\/v2\/posts\/1177\/revisions"}],"wp:attachment":[{"href":"https:\/\/www.surfers-residence.com\/cs\/wp-json\/wp\/v2\/media?parent=1177"}],"wp:term":[{"taxonomy":"category","embeddable":true,"href":"https:\/\/www.surfers-residence.com\/cs\/wp-json\/wp\/v2\/categories?post=1177"},{"taxonomy":"post_tag","embeddable":true,"href":"https:\/\/www.surfers-residence.com\/cs\/wp-json\/wp\/v2\/tags?post=1177"}],"curies":[{"name":"wp","href":"https:\/\/api.w.org\/{rel}","templated":true}]}}