{"id":203,"date":"2025-06-14T09:00:00","date_gmt":"2025-06-14T07:00:00","guid":{"rendered":"https:\/\/www.surfers-residence.com\/?p=203"},"modified":"2025-06-14T09:00:00","modified_gmt":"2025-06-14T07:00:00","slug":"playas-tarifa-surf-viento","status":"publish","type":"post","link":"https:\/\/www.surfers-residence.com\/cs\/playas-tarifa-surf-viento\/","title":{"rendered":"Pl\u00e1\u017ee v Tarife pro surfa\u0159e: kam j\u00edt podle v\u011btru a va\u0161\u00ed \u00farovn\u011b"},"content":{"rendered":"<p>Jedna z nej\u010dast\u011bj\u0161\u00edch ot\u00e1zek, kter\u00e9 dost\u00e1v\u00e1me v <strong>Surfers Residence<\/strong> cs: &amp;#\u201eKam dneska p\u016fjdu surfovat?\u201c#Odpov\u011b\u010f v\u017edy z\u00e1vis\u00ed na t\u0159ech faktorech: sm\u011bru v\u011btru, jeho s\u00edle a va\u0161\u00ed \u00farovni. Toto je praktick\u00fd pr\u016fvodce, kter\u00fd pou\u017e\u00edv\u00e1me ka\u017ed\u00e9 r\u00e1no.<\/p>\n<h2>Los Lances Norte: hlavn\u00ed pl\u00e1\u017e<\/h2>\n<p>Hlavn\u00ed pl\u00e1\u017e ve m\u011bst\u011b Tarifa m\u011b\u0159\u00ed p\u0159ibli\u017en\u011b 8 km a je rozd\u011blena do n\u011bkolika z\u00f3n:<\/p>\n<ul>\n<li><strong>Severn\u00ed z\u00f3na<\/strong>nejv\u011btrn\u011bj\u0161\u00ed, vyhrazen\u00e9 p\u0159edev\u0161\u00edm pro pokro\u010dil\u00e9 kitery a windsurfa\u0159e.<\/li>\n<li><strong>Centro<\/strong>ide\u00e1ln\u00ed pro kurzy a pro jezdce st\u0159edn\u011b pokro\u010dil\u00e9 \u00farovn\u011b.<\/li>\n<li><strong>Ji\u017en\u00ed z\u00f3na (bl\u00edzko centra m\u011bsta)<\/strong>men\u0161\u00ed v\u00edtr, dobr\u00e9 pro za\u010d\u00e1te\u010dn\u00edky a vlnov\u00fd surf<\/li>\n<\/ul>\n<h2>Valdevaqueros: Mekka kiteboardingu<\/h2>\n<p>Tato pl\u00e1\u017e severn\u011b od Los Lances je legend\u00e1rn\u00ed ve sv\u011bt\u011b kitesurfingu. V\u00edtr zde b\u00fdv\u00e1 siln\u011bj\u0161\u00ed a pravideln\u011bj\u0161\u00ed, s dlouh\u00fdm dojezdem, kter\u00fd vytv\u00e1\u0159\u00ed dokonal\u00e9 podm\u00ednky pro skoky a freestyle. Nen\u00ed vhodn\u00e1 pro za\u010d\u00e1te\u010dn\u00edky, ale povinn\u00e1 pro ty, kte\u0159\u00ed u\u017e um\u00ed jezdit.<\/p>\n<h2>Punta Paloma: pro ty, kte\u0159\u00ed miluj\u00ed duny<\/h2>\n<p>Za Valdevaquerosem vytv\u00e1\u0159ej\u00ed duny Punta Paloma p\u0159irozen\u00fd amfite\u00e1tr, kde se v\u00edtr chov\u00e1 zvl\u00e1\u0161tn\u00edm zp\u016fsobem. Sezen\u00ed zde m\u00e1 jedine\u010dnou, t\u00e9m\u011b\u0159 divokou p\u0159\u00edchu\u0165.<\/p>\n<h2>Bologna: pro vlny<\/h2>\n<p>Pokud hled\u00e1te vlny na surfov\u00e1n\u00ed s klasick\u00fdm prknem, Bolo\u0148a je to prav\u00e9 m\u00edsto. M\u00e9n\u011b v\u011btru ne\u017e v Los Lances, v\u011bt\u0161\u00ed atlantick\u00fd fetch a \u010dist\u0161\u00ed energie vlny.<\/p>\n<h2>Jak \u010d\u00edst p\u0159edpov\u011bdi na Tarify<\/h2>\n<p>Windguru a Windy jsou pro m\u00edstn\u00ed nejpou\u017e\u00edvan\u011bj\u0161\u00ed n\u00e1stroje. Sm\u011br v\u011btru rozhoduje o v\u0161em: levante (v\u00fdchod-jihov\u00fdchod) p\u0159in\u00e1\u0161\u00ed v\u00edtr od pevniny k otev\u0159en\u00e9mu mo\u0159i, ide\u00e1ln\u011b; poniente (z\u00e1pad-severoz\u00e1pad) p\u0159in\u00e1\u0161\u00ed v\u00edtr zleva doprava p\u0159i pohledu na mo\u0159e, stejn\u011b vyu\u017eiteln\u00fd. Dny bezv\u011bt\u0159\u00ed jsou vz\u00e1cn\u00e9, ale velmi cenn\u00e9 pro regeneraci.<\/p>","protected":false},"excerpt":{"rendered":"<p>Praktick\u00fd pr\u016fvodce pl\u00e1\u017eemi Tarify pro kite a windsurfing a surfing: kam j\u00edt podle v\u011btru, sm\u011bru a va\u0161\u00ed \u00farovn\u011b.<\/p>","protected":false},"author":1,"featured_media":0,"comment_status":"open","ping_status":"open","sticky":false,"template":"","format":"standard","meta":{"footnotes":""},"categories":[11,10],"tags":[],"class_list":["post-203","post","type-post","status-publish","format-standard","hentry","category-surf-lifestyle","category-tarifa"],"yoast_head":"<!-- This site is optimized with the Yoast SEO plugin v25.3 - https:\/\/yoast.com\/wordpress\/plugins\/seo\/ -->\n<title>Playas de Tarifa para surfistas: d\u00f3nde ir seg\u00fan el viento y tu nivel - Surfers Residence<\/title>\n<meta name=\"robots\" content=\"index, follow, max-snippet:-1, max-image-preview:large, max-video-preview:-1\" \/>\n<link rel=\"canonical\" href=\"https:\/\/www.surfers-residence.com\/cs\/playas-tarifa-surf-viento\/\" \/>\n<meta property=\"og:locale\" content=\"cs_CZ\" \/>\n<meta property=\"og:type\" content=\"article\" \/>\n<meta property=\"og:title\" content=\"Playas de Tarifa para surfistas: d\u00f3nde ir seg\u00fan el viento y tu nivel - Surfers Residence\" \/>\n<meta property=\"og:description\" content=\"Gu\u00eda pr\u00e1ctica de las playas de Tarifa para kitesurf, windsurf y surf: d\u00f3nde ir seg\u00fan el viento, la direcci\u00f3n y tu nivel.\" \/>\n<meta property=\"og:url\" content=\"https:\/\/www.surfers-residence.com\/cs\/playas-tarifa-surf-viento\/\" \/>\n<meta property=\"og:site_name\" content=\"Surfers Residence\" \/>\n<meta property=\"article:published_time\" content=\"2025-06-14T07:00:00+00:00\" \/>\n<meta name=\"author\" content=\"admin\" \/>\n<meta name=\"twitter:card\" content=\"summary_large_image\" \/>\n<meta name=\"twitter:label1\" content=\"Napsal(a)\" \/>\n\t<meta name=\"twitter:data1\" content=\"admin\" \/>\n\t<meta name=\"twitter:label2\" content=\"Odhadovan\u00e1 doba \u010dten\u00ed\" \/>\n\t<meta name=\"twitter:data2\" content=\"2 minuty\" \/>\n<script type=\"application\/ld+json\" class=\"yoast-schema-graph\">{\"@context\":\"https:\/\/schema.org\",\"@graph\":[{\"@type\":\"WebPage\",\"@id\":\"https:\/\/www.surfers-residence.com\/playas-tarifa-surf-viento\/\",\"url\":\"https:\/\/www.surfers-residence.com\/playas-tarifa-surf-viento\/\",\"name\":\"Playas de Tarifa para surfistas: d\u00f3nde ir seg\u00fan el viento y tu nivel - Surfers Residence\",\"isPartOf\":{\"@id\":\"https:\/\/www.surfers-residence.com\/#website\"},\"datePublished\":\"2025-06-14T07:00:00+00:00\",\"author\":{\"@id\":\"https:\/\/www.surfers-residence.com\/#\/schema\/person\/a96b557d6d3bfe4a478db099efcf99d3\"},\"breadcrumb\":{\"@id\":\"https:\/\/www.surfers-residence.com\/playas-tarifa-surf-viento\/#breadcrumb\"},\"inLanguage\":\"cs\",\"potentialAction\":[{\"@type\":\"ReadAction\",\"target\":[\"https:\/\/www.surfers-residence.com\/playas-tarifa-surf-viento\/\"]}]},{\"@type\":\"BreadcrumbList\",\"@id\":\"https:\/\/www.surfers-residence.com\/playas-tarifa-surf-viento\/#breadcrumb\",\"itemListElement\":[{\"@type\":\"ListItem\",\"position\":1,\"name\":\"Portada\",\"item\":\"https:\/\/www.surfers-residence.com\/\"},{\"@type\":\"ListItem\",\"position\":2,\"name\":\"Playas de Tarifa para surfistas: d\u00f3nde ir seg\u00fan el viento y tu nivel\"}]},{\"@type\":\"WebSite\",\"@id\":\"https:\/\/www.surfers-residence.com\/#website\",\"url\":\"https:\/\/www.surfers-residence.com\/\",\"name\":\"Surfers Residence\",\"description\":\"The Best Surfer House in Tarifa\",\"potentialAction\":[{\"@type\":\"SearchAction\",\"target\":{\"@type\":\"EntryPoint\",\"urlTemplate\":\"https:\/\/www.surfers-residence.com\/?s={search_term_string}\"},\"query-input\":{\"@type\":\"PropertyValueSpecification\",\"valueRequired\":true,\"valueName\":\"search_term_string\"}}],\"inLanguage\":\"cs\"},{\"@type\":\"Person\",\"@id\":\"https:\/\/www.surfers-residence.com\/#\/schema\/person\/a96b557d6d3bfe4a478db099efcf99d3\",\"name\":\"admin\",\"image\":{\"@type\":\"ImageObject\",\"inLanguage\":\"cs\",\"@id\":\"https:\/\/www.surfers-residence.com\/#\/schema\/person\/image\/\",\"url\":\"https:\/\/secure.gravatar.com\/avatar\/7c2c2556342a0ab19fe5ff8ddbcbc242ee2819bbeb9f6447d41b220b4a720de0?s=96&d=mm&r=g\",\"contentUrl\":\"https:\/\/secure.gravatar.com\/avatar\/7c2c2556342a0ab19fe5ff8ddbcbc242ee2819bbeb9f6447d41b220b4a720de0?s=96&d=mm&r=g\",\"caption\":\"admin\"},\"sameAs\":[\"https:\/\/www.surfers-residence.com\"],\"url\":\"https:\/\/www.surfers-residence.com\/cs\/author\/dev_u4gr8zec\/\"}]}<\/script>\n<!-- \/ Yoast SEO plugin. -->","yoast_head_json":{"title":"Playas de Tarifa para surfistas: d\u00f3nde ir seg\u00fan el viento y tu nivel - Surfers Residence","robots":{"index":"index","follow":"follow","max-snippet":"max-snippet:-1","max-image-preview":"max-image-preview:large","max-video-preview":"max-video-preview:-1"},"canonical":"https:\/\/www.surfers-residence.com\/cs\/playas-tarifa-surf-viento\/","og_locale":"cs_CZ","og_type":"article","og_title":"Playas de Tarifa para surfistas: d\u00f3nde ir seg\u00fan el viento y tu nivel - Surfers Residence","og_description":"Gu\u00eda pr\u00e1ctica de las playas de Tarifa para kitesurf, windsurf y surf: d\u00f3nde ir seg\u00fan el viento, la direcci\u00f3n y tu nivel.","og_url":"https:\/\/www.surfers-residence.com\/cs\/playas-tarifa-surf-viento\/","og_site_name":"Surfers Residence","article_published_time":"2025-06-14T07:00:00+00:00","author":"admin","twitter_card":"summary_large_image","twitter_misc":{"Napsal(a)":"admin","Odhadovan\u00e1 doba \u010dten\u00ed":"2 minuty"},"schema":{"@context":"https:\/\/schema.org","@graph":[{"@type":"WebPage","@id":"https:\/\/www.surfers-residence.com\/playas-tarifa-surf-viento\/","url":"https:\/\/www.surfers-residence.com\/playas-tarifa-surf-viento\/","name":"Playas de Tarifa para surfistas: d\u00f3nde ir seg\u00fan el viento y tu nivel - Surfers Residence","isPartOf":{"@id":"https:\/\/www.surfers-residence.com\/#website"},"datePublished":"2025-06-14T07:00:00+00:00","author":{"@id":"https:\/\/www.surfers-residence.com\/#\/schema\/person\/a96b557d6d3bfe4a478db099efcf99d3"},"breadcrumb":{"@id":"https:\/\/www.surfers-residence.com\/playas-tarifa-surf-viento\/#breadcrumb"},"inLanguage":"cs","potentialAction":[{"@type":"ReadAction","target":["https:\/\/www.surfers-residence.com\/playas-tarifa-surf-viento\/"]}]},{"@type":"BreadcrumbList","@id":"https:\/\/www.surfers-residence.com\/playas-tarifa-surf-viento\/#breadcrumb","itemListElement":[{"@type":"ListItem","position":1,"name":"Portada","item":"https:\/\/www.surfers-residence.com\/"},{"@type":"ListItem","position":2,"name":"Playas de Tarifa para surfistas: d\u00f3nde ir seg\u00fan el viento y tu nivel"}]},{"@type":"WebSite","@id":"https:\/\/www.surfers-residence.com\/#website","url":"https:\/\/www.surfers-residence.com\/","name":"Surfers Residence","description":"The Best Surfer House in Tarifa","potentialAction":[{"@type":"SearchAction","target":{"@type":"EntryPoint","urlTemplate":"https:\/\/www.surfers-residence.com\/?s={search_term_string}"},"query-input":{"@type":"PropertyValueSpecification","valueRequired":true,"valueName":"search_term_string"}}],"inLanguage":"cs"},{"@type":"Person","@id":"https:\/\/www.surfers-residence.com\/#\/schema\/person\/a96b557d6d3bfe4a478db099efcf99d3","name":"admin","image":{"@type":"ImageObject","inLanguage":"cs","@id":"https:\/\/www.surfers-residence.com\/#\/schema\/person\/image\/","url":"https:\/\/secure.gravatar.com\/avatar\/7c2c2556342a0ab19fe5ff8ddbcbc242ee2819bbeb9f6447d41b220b4a720de0?s=96&d=mm&r=g","contentUrl":"https:\/\/secure.gravatar.com\/avatar\/7c2c2556342a0ab19fe5ff8ddbcbc242ee2819bbeb9f6447d41b220b4a720de0?s=96&d=mm&r=g","caption":"admin"},"sameAs":["https:\/\/www.surfers-residence.com"],"url":"https:\/\/www.surfers-residence.com\/cs\/author\/dev_u4gr8zec\/"}]}},"_links":{"self":[{"href":"https:\/\/www.surfers-residence.com\/cs\/wp-json\/wp\/v2\/posts\/203","targetHints":{"allow":["GET"]}}],"collection":[{"href":"https:\/\/www.surfers-residence.com\/cs\/wp-json\/wp\/v2\/posts"}],"about":[{"href":"https:\/\/www.surfers-residence.com\/cs\/wp-json\/wp\/v2\/types\/post"}],"author":[{"embeddable":true,"href":"https:\/\/www.surfers-residence.com\/cs\/wp-json\/wp\/v2\/users\/1"}],"replies":[{"embeddable":true,"href":"https:\/\/www.surfers-residence.com\/cs\/wp-json\/wp\/v2\/comments?post=203"}],"version-history":[{"count":0,"href":"https:\/\/www.surfers-residence.com\/cs\/wp-json\/wp\/v2\/posts\/203\/revisions"}],"wp:attachment":[{"href":"https:\/\/www.surfers-residence.com\/cs\/wp-json\/wp\/v2\/media?parent=203"}],"wp:term":[{"taxonomy":"category","embeddable":true,"href":"https:\/\/www.surfers-residence.com\/cs\/wp-json\/wp\/v2\/categories?post=203"},{"taxonomy":"post_tag","embeddable":true,"href":"https:\/\/www.surfers-residence.com\/cs\/wp-json\/wp\/v2\/tags?post=203"}],"curies":[{"name":"wp","href":"https:\/\/api.w.org\/{rel}","templated":true}]}}