{"id":1167,"date":"2025-09-01T09:00:00","date_gmt":"2025-09-01T07:00:00","guid":{"rendered":"https:\/\/www.surfers-residence.com\/?p=213"},"modified":"2025-09-01T09:00:00","modified_gmt":"2025-09-01T07:00:00","slug":"septiembre-tarifa-temporada-dorada","status":"publish","type":"post","link":"https:\/\/www.surfers-residence.com\/da\/septiembre-tarifa-temporada-dorada\/","title":{"rendered":"Septiembre en Tarifa para surfistas: la temporada dorada del viento"},"content":{"rendered":"<p>Hvis der er en m\u00e5ned, som rytterne i Tarifa s\u00e6tter i kalenderen med en n\u00e6rmest religi\u00f8s inderlighed, s\u00e5 er det september. El verano se va, los turistas tambi\u00e9n, y el Estrecho se queda para los que de verdad han venido a surfear.<\/p>\n<h2>El viento en septiembre<\/h2>\n<p>Septiembre kombinerer det bedste fra verano og oto\u00f1o: Levetiden forts\u00e6tter med at v\u00e6re st\u00e6rk og konstant, men med mindre ekstreme vindst\u00f8d end i agosto. Vindst\u00f8dene er st\u00f8rre og mere regelm\u00e6ssige. For ryttere p\u00e5 mellemniveau er det den ideelle m\u00e5ned: tilstr\u00e6kkelig styrke til at komme videre og tilstr\u00e6kkelig stabilitet til at nyde det.<\/p>\n<h2>Vandet: 23\u00b0C og krystalklart<\/h2>\n<p>Efter tre m\u00e5neder med h\u00f8j temperatur har Atlanterhavet n\u00e5et sit h\u00f8jeste temperaturniveau i september. Et spor p\u00e5 3\/2 mm er mere end tilstr\u00e6kkeligt til sessioner p\u00e5 flere timer. El agua clara y c\u00e1lida hace que quedarse en el agua sea dif\u00edcil de resistir.<\/p>\n<h2>La playa sin aglomeraciones<\/h2>\n<p>Det er den st\u00f8rste hemmelighed i septiembre: Los Lances genvinder deres plads. Du kan flyve med drage uden at bekymre dig om b\u00f8rn, der l\u00f8ber rundt, uden at skulle finde en plads i lejligheden. La playa vuelve a ser de los riders.<\/p>\n<h2>La Surfers Residence en septiembre<\/h2>\n<p>September er en af vores yndlingsm\u00e5neder i huset. Sammens\u00e6tningen af mennesker er perfekt: ryttere, der kommer igen for tredje eller tredje \u00e5r i tr\u00e6k, principiantes motivados que quieren aprovechar las mejores condiciones, y alg\u00fan local que de vez en cuando se une a la terraza de tarde. Reserva con tiempo: septiembre se llena r\u00e1pido.<\/p>","protected":false},"excerpt":{"rendered":"<p>Por qu\u00e9 septiembre es el mejor mes para surfear en Tarifa: viento perfecto, mar c\u00e1lido, playas sin masificaci\u00f3n y la mejor energ\u00eda de la temporada.<\/p>","protected":false},"author":1,"featured_media":0,"comment_status":"open","ping_status":"open","sticky":false,"template":"","format":"standard","meta":{"footnotes":""},"categories":[11,10],"tags":[],"class_list":["post-1167","post","type-post","status-publish","format-standard","hentry","category-surf-lifestyle","category-tarifa"],"yoast_head":"<!-- This site is optimized with the Yoast SEO plugin v25.3 - https:\/\/yoast.com\/wordpress\/plugins\/seo\/ -->\n<title>Septiembre en Tarifa para surfistas: la temporada dorada del viento - Surfers Residence<\/title>\n<meta name=\"robots\" content=\"index, follow, max-snippet:-1, max-image-preview:large, max-video-preview:-1\" \/>\n<link rel=\"canonical\" href=\"https:\/\/www.surfers-residence.com\/da\/septiembre-tarifa-temporada-dorada\/\" \/>\n<meta property=\"og:locale\" content=\"da_DK\" \/>\n<meta property=\"og:type\" content=\"article\" \/>\n<meta property=\"og:title\" content=\"Septiembre en Tarifa para surfistas: la temporada dorada del viento - Surfers Residence\" \/>\n<meta property=\"og:description\" content=\"Por qu\u00e9 septiembre es el mejor mes para surfear en Tarifa: viento perfecto, mar c\u00e1lido, playas sin masificaci\u00f3n y la mejor energ\u00eda de la temporada.\" \/>\n<meta property=\"og:url\" content=\"https:\/\/www.surfers-residence.com\/da\/septiembre-tarifa-temporada-dorada\/\" \/>\n<meta property=\"og:site_name\" content=\"Surfers Residence\" \/>\n<meta property=\"article:published_time\" content=\"2025-09-01T07:00:00+00:00\" \/>\n<meta name=\"author\" content=\"admin\" \/>\n<meta name=\"twitter:card\" content=\"summary_large_image\" \/>\n<meta name=\"twitter:label1\" content=\"Skrevet af\" \/>\n\t<meta name=\"twitter:data1\" content=\"admin\" \/>\n\t<meta name=\"twitter:label2\" content=\"Estimeret l\u00e6setid\" \/>\n\t<meta name=\"twitter:data2\" content=\"1 minut\" \/>\n<script type=\"application\/ld+json\" class=\"yoast-schema-graph\">{\"@context\":\"https:\/\/schema.org\",\"@graph\":[{\"@type\":\"WebPage\",\"@id\":\"https:\/\/www.surfers-residence.com\/septiembre-tarifa-temporada-dorada\/\",\"url\":\"https:\/\/www.surfers-residence.com\/septiembre-tarifa-temporada-dorada\/\",\"name\":\"Septiembre en Tarifa para surfistas: la temporada dorada del viento - Surfers Residence\",\"isPartOf\":{\"@id\":\"https:\/\/www.surfers-residence.com\/#website\"},\"datePublished\":\"2025-09-01T07:00:00+00:00\",\"author\":{\"@id\":\"https:\/\/www.surfers-residence.com\/#\/schema\/person\/a96b557d6d3bfe4a478db099efcf99d3\"},\"breadcrumb\":{\"@id\":\"https:\/\/www.surfers-residence.com\/septiembre-tarifa-temporada-dorada\/#breadcrumb\"},\"inLanguage\":\"da-DK\",\"potentialAction\":[{\"@type\":\"ReadAction\",\"target\":[\"https:\/\/www.surfers-residence.com\/septiembre-tarifa-temporada-dorada\/\"]}]},{\"@type\":\"BreadcrumbList\",\"@id\":\"https:\/\/www.surfers-residence.com\/septiembre-tarifa-temporada-dorada\/#breadcrumb\",\"itemListElement\":[{\"@type\":\"ListItem\",\"position\":1,\"name\":\"Portada\",\"item\":\"https:\/\/www.surfers-residence.com\/\"},{\"@type\":\"ListItem\",\"position\":2,\"name\":\"Septiembre en Tarifa para surfistas: la temporada dorada del viento\"}]},{\"@type\":\"WebSite\",\"@id\":\"https:\/\/www.surfers-residence.com\/#website\",\"url\":\"https:\/\/www.surfers-residence.com\/\",\"name\":\"Surfers Residence\",\"description\":\"The Best Surfer House in Tarifa\",\"potentialAction\":[{\"@type\":\"SearchAction\",\"target\":{\"@type\":\"EntryPoint\",\"urlTemplate\":\"https:\/\/www.surfers-residence.com\/?s={search_term_string}\"},\"query-input\":{\"@type\":\"PropertyValueSpecification\",\"valueRequired\":true,\"valueName\":\"search_term_string\"}}],\"inLanguage\":\"da-DK\"},{\"@type\":\"Person\",\"@id\":\"https:\/\/www.surfers-residence.com\/#\/schema\/person\/a96b557d6d3bfe4a478db099efcf99d3\",\"name\":\"admin\",\"image\":{\"@type\":\"ImageObject\",\"inLanguage\":\"da-DK\",\"@id\":\"https:\/\/www.surfers-residence.com\/#\/schema\/person\/image\/\",\"url\":\"https:\/\/secure.gravatar.com\/avatar\/7c2c2556342a0ab19fe5ff8ddbcbc242ee2819bbeb9f6447d41b220b4a720de0?s=96&d=mm&r=g\",\"contentUrl\":\"https:\/\/secure.gravatar.com\/avatar\/7c2c2556342a0ab19fe5ff8ddbcbc242ee2819bbeb9f6447d41b220b4a720de0?s=96&d=mm&r=g\",\"caption\":\"admin\"},\"sameAs\":[\"https:\/\/www.surfers-residence.com\"],\"url\":\"https:\/\/www.surfers-residence.com\/da\/author\/dev_u4gr8zec\/\"}]}<\/script>\n<!-- \/ Yoast SEO plugin. -->","yoast_head_json":{"title":"Septiembre en Tarifa para surfistas: la temporada dorada del viento - Surfers Residence","robots":{"index":"index","follow":"follow","max-snippet":"max-snippet:-1","max-image-preview":"max-image-preview:large","max-video-preview":"max-video-preview:-1"},"canonical":"https:\/\/www.surfers-residence.com\/da\/septiembre-tarifa-temporada-dorada\/","og_locale":"da_DK","og_type":"article","og_title":"Septiembre en Tarifa para surfistas: la temporada dorada del viento - Surfers Residence","og_description":"Por qu\u00e9 septiembre es el mejor mes para surfear en Tarifa: viento perfecto, mar c\u00e1lido, playas sin masificaci\u00f3n y la mejor energ\u00eda de la temporada.","og_url":"https:\/\/www.surfers-residence.com\/da\/septiembre-tarifa-temporada-dorada\/","og_site_name":"Surfers Residence","article_published_time":"2025-09-01T07:00:00+00:00","author":"admin","twitter_card":"summary_large_image","twitter_misc":{"Skrevet af":"admin","Estimeret l\u00e6setid":"1 minut"},"schema":{"@context":"https:\/\/schema.org","@graph":[{"@type":"WebPage","@id":"https:\/\/www.surfers-residence.com\/septiembre-tarifa-temporada-dorada\/","url":"https:\/\/www.surfers-residence.com\/septiembre-tarifa-temporada-dorada\/","name":"Septiembre en Tarifa para surfistas: la temporada dorada del viento - Surfers Residence","isPartOf":{"@id":"https:\/\/www.surfers-residence.com\/#website"},"datePublished":"2025-09-01T07:00:00+00:00","author":{"@id":"https:\/\/www.surfers-residence.com\/#\/schema\/person\/a96b557d6d3bfe4a478db099efcf99d3"},"breadcrumb":{"@id":"https:\/\/www.surfers-residence.com\/septiembre-tarifa-temporada-dorada\/#breadcrumb"},"inLanguage":"da-DK","potentialAction":[{"@type":"ReadAction","target":["https:\/\/www.surfers-residence.com\/septiembre-tarifa-temporada-dorada\/"]}]},{"@type":"BreadcrumbList","@id":"https:\/\/www.surfers-residence.com\/septiembre-tarifa-temporada-dorada\/#breadcrumb","itemListElement":[{"@type":"ListItem","position":1,"name":"Portada","item":"https:\/\/www.surfers-residence.com\/"},{"@type":"ListItem","position":2,"name":"Septiembre en Tarifa para surfistas: la temporada dorada del viento"}]},{"@type":"WebSite","@id":"https:\/\/www.surfers-residence.com\/#website","url":"https:\/\/www.surfers-residence.com\/","name":"Surfers Residence","description":"The Best Surfer House in Tarifa","potentialAction":[{"@type":"SearchAction","target":{"@type":"EntryPoint","urlTemplate":"https:\/\/www.surfers-residence.com\/?s={search_term_string}"},"query-input":{"@type":"PropertyValueSpecification","valueRequired":true,"valueName":"search_term_string"}}],"inLanguage":"da-DK"},{"@type":"Person","@id":"https:\/\/www.surfers-residence.com\/#\/schema\/person\/a96b557d6d3bfe4a478db099efcf99d3","name":"admin","image":{"@type":"ImageObject","inLanguage":"da-DK","@id":"https:\/\/www.surfers-residence.com\/#\/schema\/person\/image\/","url":"https:\/\/secure.gravatar.com\/avatar\/7c2c2556342a0ab19fe5ff8ddbcbc242ee2819bbeb9f6447d41b220b4a720de0?s=96&d=mm&r=g","contentUrl":"https:\/\/secure.gravatar.com\/avatar\/7c2c2556342a0ab19fe5ff8ddbcbc242ee2819bbeb9f6447d41b220b4a720de0?s=96&d=mm&r=g","caption":"admin"},"sameAs":["https:\/\/www.surfers-residence.com"],"url":"https:\/\/www.surfers-residence.com\/da\/author\/dev_u4gr8zec\/"}]}},"_links":{"self":[{"href":"https:\/\/www.surfers-residence.com\/da\/wp-json\/wp\/v2\/posts\/1167","targetHints":{"allow":["GET"]}}],"collection":[{"href":"https:\/\/www.surfers-residence.com\/da\/wp-json\/wp\/v2\/posts"}],"about":[{"href":"https:\/\/www.surfers-residence.com\/da\/wp-json\/wp\/v2\/types\/post"}],"author":[{"embeddable":true,"href":"https:\/\/www.surfers-residence.com\/da\/wp-json\/wp\/v2\/users\/1"}],"replies":[{"embeddable":true,"href":"https:\/\/www.surfers-residence.com\/da\/wp-json\/wp\/v2\/comments?post=1167"}],"version-history":[{"count":0,"href":"https:\/\/www.surfers-residence.com\/da\/wp-json\/wp\/v2\/posts\/1167\/revisions"}],"wp:attachment":[{"href":"https:\/\/www.surfers-residence.com\/da\/wp-json\/wp\/v2\/media?parent=1167"}],"wp:term":[{"taxonomy":"category","embeddable":true,"href":"https:\/\/www.surfers-residence.com\/da\/wp-json\/wp\/v2\/categories?post=1167"},{"taxonomy":"post_tag","embeddable":true,"href":"https:\/\/www.surfers-residence.com\/da\/wp-json\/wp\/v2\/tags?post=1167"}],"curies":[{"name":"wp","href":"https:\/\/api.w.org\/{rel}","templated":true}]}}