{"id":1174,"date":"2025-11-01T09:00:00","date_gmt":"2025-11-01T08:00:00","guid":{"rendered":"https:\/\/www.surfers-residence.com\/?p=221"},"modified":"2025-11-01T09:00:00","modified_gmt":"2025-11-01T08:00:00","slug":"invierno-tarifa-surfistas-swells","status":"publish","type":"post","link":"https:\/\/www.surfers-residence.com\/da\/invierno-tarifa-surfistas-swells\/","title":{"rendered":"Invierno en Tarifa para surfistas: las swells atl\u00e1nticas y las sesiones de ensue\u00f1o"},"content":{"rendered":"<p>Mens resten af Europa forbereder sig p\u00e5 vinteren, er Tarifa ved at g\u00e5 til grunde. Las primeras tormentas atl\u00e1nticas de octubre y noviembre traen swells que en verano simplymente no existen, y los riders que saben aprovecharlos viven algunas de las mejores sesiones del a\u00f1o.<\/p>\n<h2>Las olas del invierno<\/h2>\n<p>D\u00f8nningerne i Tarifa kan n\u00e5 op p\u00e5 mellem 2 og 4 meters h\u00f8jde p\u00e5 de mest udsatte steder. Bolonia, Punta Paloma og den atlantiske del af kysten modtager direkte energi fra de systemer med lavt tryk, der dannes p\u00e5 den nordlige del af Atlanterhavet. For ola-surf og kite-b\u00f8lger er det forhold p\u00e5 verdensplan.<\/p>\n<h2>El viento de invierno<\/h2>\n<p>En invierno el patr\u00f3n de viento cambia: los ponientes ganan protagonismo respecto al levante veraniego. I vinterhalv\u00e5ret er der kraftig vind fra \u00f8st og fra \u00f8st p\u00e5 samme tid, en perfekt kombination til kite wave og windsurfing. Der er ogs\u00e5 flere dage med absolut ro end i vinterhalv\u00e5ret.<\/p>\n<h2>La temperatura: \u00bfhace fr\u00edo?<\/h2>\n<p>El agua en diciembre-febrero ronda los 15-17\u00b0C: fr\u00eda pero tratable con un buen traje de 5\/4 mm, capucha, guantes y escarpines. Lufttemperaturen er mild: sj\u00e6ldent under 12-15 \u00b0C i l\u00f8bet af dagen. For en italiener eller en centroeurop\u00e6er er det ikke rigtig koldt.<\/p>\n<h2>Priserne og roen i vinterhalv\u00e5ret<\/h2>\n<p>En invierno los precios en Tarifa bajan entre un 40% y un 60% respecto al verano. La <strong>Surfers Residence<\/strong> tiene tarifas de temporada baja muy asequibles y la posibilidad de estancias largas a precio especial. Det er den perfekte periode for alle, der gerne vil kombinere arbejde og vand.<\/p>","protected":false},"excerpt":{"rendered":"<p>Tarifa en invierno para surfistas: las swells atl\u00e1nticas, el viento de poniente, la temperatura del agua y por qu\u00e9 los precios bajos hacen del invierno la temporada perfecta.<\/p>","protected":false},"author":1,"featured_media":0,"comment_status":"open","ping_status":"open","sticky":false,"template":"","format":"standard","meta":{"footnotes":""},"categories":[11,10],"tags":[],"class_list":["post-1174","post","type-post","status-publish","format-standard","hentry","category-surf-lifestyle","category-tarifa"],"yoast_head":"<!-- This site is optimized with the Yoast SEO plugin v25.3 - https:\/\/yoast.com\/wordpress\/plugins\/seo\/ -->\n<title>Invierno en Tarifa para surfistas: las swells atl\u00e1nticas y las sesiones de ensue\u00f1o - Surfers Residence<\/title>\n<meta name=\"robots\" content=\"index, follow, max-snippet:-1, max-image-preview:large, max-video-preview:-1\" \/>\n<link rel=\"canonical\" href=\"https:\/\/www.surfers-residence.com\/da\/invierno-tarifa-surfistas-swells\/\" \/>\n<meta property=\"og:locale\" content=\"da_DK\" \/>\n<meta property=\"og:type\" content=\"article\" \/>\n<meta property=\"og:title\" content=\"Invierno en Tarifa para surfistas: las swells atl\u00e1nticas y las sesiones de ensue\u00f1o - Surfers Residence\" \/>\n<meta property=\"og:description\" content=\"Tarifa en invierno para surfistas: las swells atl\u00e1nticas, el viento de poniente, la temperatura del agua y por qu\u00e9 los precios bajos hacen del invierno la temporada perfecta.\" \/>\n<meta property=\"og:url\" content=\"https:\/\/www.surfers-residence.com\/da\/invierno-tarifa-surfistas-swells\/\" \/>\n<meta property=\"og:site_name\" content=\"Surfers Residence\" \/>\n<meta property=\"article:published_time\" content=\"2025-11-01T08:00:00+00:00\" \/>\n<meta name=\"author\" content=\"admin\" \/>\n<meta name=\"twitter:card\" content=\"summary_large_image\" \/>\n<meta name=\"twitter:label1\" content=\"Skrevet af\" \/>\n\t<meta name=\"twitter:data1\" content=\"admin\" \/>\n\t<meta name=\"twitter:label2\" content=\"Estimeret l\u00e6setid\" \/>\n\t<meta name=\"twitter:data2\" content=\"1 minut\" \/>\n<script type=\"application\/ld+json\" class=\"yoast-schema-graph\">{\"@context\":\"https:\/\/schema.org\",\"@graph\":[{\"@type\":\"WebPage\",\"@id\":\"https:\/\/www.surfers-residence.com\/invierno-tarifa-surfistas-swells\/\",\"url\":\"https:\/\/www.surfers-residence.com\/invierno-tarifa-surfistas-swells\/\",\"name\":\"Invierno en Tarifa para surfistas: las swells atl\u00e1nticas y las sesiones de ensue\u00f1o - Surfers Residence\",\"isPartOf\":{\"@id\":\"https:\/\/www.surfers-residence.com\/#website\"},\"datePublished\":\"2025-11-01T08:00:00+00:00\",\"author\":{\"@id\":\"https:\/\/www.surfers-residence.com\/#\/schema\/person\/a96b557d6d3bfe4a478db099efcf99d3\"},\"breadcrumb\":{\"@id\":\"https:\/\/www.surfers-residence.com\/invierno-tarifa-surfistas-swells\/#breadcrumb\"},\"inLanguage\":\"da-DK\",\"potentialAction\":[{\"@type\":\"ReadAction\",\"target\":[\"https:\/\/www.surfers-residence.com\/invierno-tarifa-surfistas-swells\/\"]}]},{\"@type\":\"BreadcrumbList\",\"@id\":\"https:\/\/www.surfers-residence.com\/invierno-tarifa-surfistas-swells\/#breadcrumb\",\"itemListElement\":[{\"@type\":\"ListItem\",\"position\":1,\"name\":\"Portada\",\"item\":\"https:\/\/www.surfers-residence.com\/\"},{\"@type\":\"ListItem\",\"position\":2,\"name\":\"Invierno en Tarifa para surfistas: las swells atl\u00e1nticas y las sesiones de ensue\u00f1o\"}]},{\"@type\":\"WebSite\",\"@id\":\"https:\/\/www.surfers-residence.com\/#website\",\"url\":\"https:\/\/www.surfers-residence.com\/\",\"name\":\"Surfers Residence\",\"description\":\"The Best Surfer House in Tarifa\",\"potentialAction\":[{\"@type\":\"SearchAction\",\"target\":{\"@type\":\"EntryPoint\",\"urlTemplate\":\"https:\/\/www.surfers-residence.com\/?s={search_term_string}\"},\"query-input\":{\"@type\":\"PropertyValueSpecification\",\"valueRequired\":true,\"valueName\":\"search_term_string\"}}],\"inLanguage\":\"da-DK\"},{\"@type\":\"Person\",\"@id\":\"https:\/\/www.surfers-residence.com\/#\/schema\/person\/a96b557d6d3bfe4a478db099efcf99d3\",\"name\":\"admin\",\"image\":{\"@type\":\"ImageObject\",\"inLanguage\":\"da-DK\",\"@id\":\"https:\/\/www.surfers-residence.com\/#\/schema\/person\/image\/\",\"url\":\"https:\/\/secure.gravatar.com\/avatar\/7c2c2556342a0ab19fe5ff8ddbcbc242ee2819bbeb9f6447d41b220b4a720de0?s=96&d=mm&r=g\",\"contentUrl\":\"https:\/\/secure.gravatar.com\/avatar\/7c2c2556342a0ab19fe5ff8ddbcbc242ee2819bbeb9f6447d41b220b4a720de0?s=96&d=mm&r=g\",\"caption\":\"admin\"},\"sameAs\":[\"https:\/\/www.surfers-residence.com\"],\"url\":\"https:\/\/www.surfers-residence.com\/da\/author\/dev_u4gr8zec\/\"}]}<\/script>\n<!-- \/ Yoast SEO plugin. -->","yoast_head_json":{"title":"Invierno en Tarifa para surfistas: las swells atl\u00e1nticas y las sesiones de ensue\u00f1o - Surfers Residence","robots":{"index":"index","follow":"follow","max-snippet":"max-snippet:-1","max-image-preview":"max-image-preview:large","max-video-preview":"max-video-preview:-1"},"canonical":"https:\/\/www.surfers-residence.com\/da\/invierno-tarifa-surfistas-swells\/","og_locale":"da_DK","og_type":"article","og_title":"Invierno en Tarifa para surfistas: las swells atl\u00e1nticas y las sesiones de ensue\u00f1o - Surfers Residence","og_description":"Tarifa en invierno para surfistas: las swells atl\u00e1nticas, el viento de poniente, la temperatura del agua y por qu\u00e9 los precios bajos hacen del invierno la temporada perfecta.","og_url":"https:\/\/www.surfers-residence.com\/da\/invierno-tarifa-surfistas-swells\/","og_site_name":"Surfers Residence","article_published_time":"2025-11-01T08:00:00+00:00","author":"admin","twitter_card":"summary_large_image","twitter_misc":{"Skrevet af":"admin","Estimeret l\u00e6setid":"1 minut"},"schema":{"@context":"https:\/\/schema.org","@graph":[{"@type":"WebPage","@id":"https:\/\/www.surfers-residence.com\/invierno-tarifa-surfistas-swells\/","url":"https:\/\/www.surfers-residence.com\/invierno-tarifa-surfistas-swells\/","name":"Invierno en Tarifa para surfistas: las swells atl\u00e1nticas y las sesiones de ensue\u00f1o - Surfers Residence","isPartOf":{"@id":"https:\/\/www.surfers-residence.com\/#website"},"datePublished":"2025-11-01T08:00:00+00:00","author":{"@id":"https:\/\/www.surfers-residence.com\/#\/schema\/person\/a96b557d6d3bfe4a478db099efcf99d3"},"breadcrumb":{"@id":"https:\/\/www.surfers-residence.com\/invierno-tarifa-surfistas-swells\/#breadcrumb"},"inLanguage":"da-DK","potentialAction":[{"@type":"ReadAction","target":["https:\/\/www.surfers-residence.com\/invierno-tarifa-surfistas-swells\/"]}]},{"@type":"BreadcrumbList","@id":"https:\/\/www.surfers-residence.com\/invierno-tarifa-surfistas-swells\/#breadcrumb","itemListElement":[{"@type":"ListItem","position":1,"name":"Portada","item":"https:\/\/www.surfers-residence.com\/"},{"@type":"ListItem","position":2,"name":"Invierno en Tarifa para surfistas: las swells atl\u00e1nticas y las sesiones de ensue\u00f1o"}]},{"@type":"WebSite","@id":"https:\/\/www.surfers-residence.com\/#website","url":"https:\/\/www.surfers-residence.com\/","name":"Surfers Residence","description":"The Best Surfer House in Tarifa","potentialAction":[{"@type":"SearchAction","target":{"@type":"EntryPoint","urlTemplate":"https:\/\/www.surfers-residence.com\/?s={search_term_string}"},"query-input":{"@type":"PropertyValueSpecification","valueRequired":true,"valueName":"search_term_string"}}],"inLanguage":"da-DK"},{"@type":"Person","@id":"https:\/\/www.surfers-residence.com\/#\/schema\/person\/a96b557d6d3bfe4a478db099efcf99d3","name":"admin","image":{"@type":"ImageObject","inLanguage":"da-DK","@id":"https:\/\/www.surfers-residence.com\/#\/schema\/person\/image\/","url":"https:\/\/secure.gravatar.com\/avatar\/7c2c2556342a0ab19fe5ff8ddbcbc242ee2819bbeb9f6447d41b220b4a720de0?s=96&d=mm&r=g","contentUrl":"https:\/\/secure.gravatar.com\/avatar\/7c2c2556342a0ab19fe5ff8ddbcbc242ee2819bbeb9f6447d41b220b4a720de0?s=96&d=mm&r=g","caption":"admin"},"sameAs":["https:\/\/www.surfers-residence.com"],"url":"https:\/\/www.surfers-residence.com\/da\/author\/dev_u4gr8zec\/"}]}},"_links":{"self":[{"href":"https:\/\/www.surfers-residence.com\/da\/wp-json\/wp\/v2\/posts\/1174","targetHints":{"allow":["GET"]}}],"collection":[{"href":"https:\/\/www.surfers-residence.com\/da\/wp-json\/wp\/v2\/posts"}],"about":[{"href":"https:\/\/www.surfers-residence.com\/da\/wp-json\/wp\/v2\/types\/post"}],"author":[{"embeddable":true,"href":"https:\/\/www.surfers-residence.com\/da\/wp-json\/wp\/v2\/users\/1"}],"replies":[{"embeddable":true,"href":"https:\/\/www.surfers-residence.com\/da\/wp-json\/wp\/v2\/comments?post=1174"}],"version-history":[{"count":0,"href":"https:\/\/www.surfers-residence.com\/da\/wp-json\/wp\/v2\/posts\/1174\/revisions"}],"wp:attachment":[{"href":"https:\/\/www.surfers-residence.com\/da\/wp-json\/wp\/v2\/media?parent=1174"}],"wp:term":[{"taxonomy":"category","embeddable":true,"href":"https:\/\/www.surfers-residence.com\/da\/wp-json\/wp\/v2\/categories?post=1174"},{"taxonomy":"post_tag","embeddable":true,"href":"https:\/\/www.surfers-residence.com\/da\/wp-json\/wp\/v2\/tags?post=1174"}],"curies":[{"name":"wp","href":"https:\/\/api.w.org\/{rel}","templated":true}]}}