{"id":1167,"date":"2025-09-01T09:00:00","date_gmt":"2025-09-01T07:00:00","guid":{"rendered":"https:\/\/www.surfers-residence.com\/?p=213"},"modified":"2025-09-01T09:00:00","modified_gmt":"2025-09-01T07:00:00","slug":"septiembre-tarifa-temporada-dorada","status":"publish","type":"post","link":"https:\/\/www.surfers-residence.com\/de\/septiembre-tarifa-temporada-dorada\/","title":{"rendered":"Septiembre en Tarifa para surfistas: la temporada dorada del viento"},"content":{"rendered":"<p>Si hay un mes que los riders de Tarifa se\u00f1alan en el calendario con fervor casi religioso, ese es septiembre. El verano se va, los turistas tambi\u00e9n, y el Estrecho se queda para los que de verdad han venido a surfear.<\/p>\n<h2>Der Himmel im September<\/h2>\n<p>Septiembre kombiniert das Beste aus Verano und Oto\u00f1o: Der Wind ist immer noch stark und konstant, aber nicht mehr so extrem wie im August. Las ventanas de viento son m\u00e1s largas y regulares. F\u00fcr fortgeschrittene Fahrer ist es der ideale Monat: gen\u00fcgend Kraft, um voranzukommen, gen\u00fcgend Stabilit\u00e4t, um Spa\u00df zu haben.<\/p>\n<h2>Das Wasser: 23\u00b0C und kristallklar<\/h2>\n<p>Tras tres meses de calentamiento estival, el Atl\u00e1ntico llega a septiembre en su punto m\u00e1ximo de temperatura. Un traje de 3\/2 mm es m\u00e1s que suficiente para sesiones de varias horas. Das klare und kalte Wasser macht es schwierig, im Wasser zu verweilen.<\/p>\n<h2>La playa sin aglomeraciones<\/h2>\n<p>Das ist das gro\u00dfe Geheimnis des Septembers: Los Lances gewinnt seinen Platz zur\u00fcck. Du kannst den Drachen steigen lassen, ohne Angst vor rennenden Kindern zu haben, ohne Koliken in den Chiringuitos und ohne einen Platz in der Wohnung suchen zu m\u00fcssen. La playa vuelve a ser de los riders.<\/p>\n<h2>La Surfers Residence en septiembre<\/h2>\n<p>Septiembre es uno de nuestros meses favoritos en la casa. Die Mischung der G\u00e4ste ist perfekt: Reiter, die zum dritten oder f\u00fcnften Mal kommen, motivierte Anf\u00e4nger, die die besten Bedingungen nutzen wollen, und einige Einheimische, die zur Mittagszeit auf der Terrasse sitzen. Reserva con tiempo: septiembre se llena r\u00e1pido.<\/p>","protected":false},"excerpt":{"rendered":"<p>Por qu\u00e9 septiembre es el mejor mes para surfear en Tarifa: viento perfecto, mar c\u00e1lido, playas sin masificaci\u00f3n y la mejor energ\u00eda de la temporada.<\/p>","protected":false},"author":1,"featured_media":0,"comment_status":"open","ping_status":"open","sticky":false,"template":"","format":"standard","meta":{"footnotes":""},"categories":[11,10],"tags":[],"class_list":["post-1167","post","type-post","status-publish","format-standard","hentry","category-surf-lifestyle","category-tarifa"],"yoast_head":"<!-- This site is optimized with the Yoast SEO plugin v25.3 - https:\/\/yoast.com\/wordpress\/plugins\/seo\/ -->\n<title>Septiembre en Tarifa para surfistas: la temporada dorada del viento - Surfers Residence<\/title>\n<meta name=\"robots\" content=\"index, follow, max-snippet:-1, max-image-preview:large, max-video-preview:-1\" \/>\n<link rel=\"canonical\" href=\"https:\/\/www.surfers-residence.com\/de\/septiembre-tarifa-temporada-dorada\/\" \/>\n<meta property=\"og:locale\" content=\"de_DE\" \/>\n<meta property=\"og:type\" content=\"article\" \/>\n<meta property=\"og:title\" content=\"Septiembre en Tarifa para surfistas: la temporada dorada del viento - Surfers Residence\" \/>\n<meta property=\"og:description\" content=\"Por qu\u00e9 septiembre es el mejor mes para surfear en Tarifa: viento perfecto, mar c\u00e1lido, playas sin masificaci\u00f3n y la mejor energ\u00eda de la temporada.\" \/>\n<meta property=\"og:url\" content=\"https:\/\/www.surfers-residence.com\/de\/septiembre-tarifa-temporada-dorada\/\" \/>\n<meta property=\"og:site_name\" content=\"Surfers Residence\" \/>\n<meta property=\"article:published_time\" content=\"2025-09-01T07:00:00+00:00\" \/>\n<meta name=\"author\" content=\"admin\" \/>\n<meta name=\"twitter:card\" content=\"summary_large_image\" \/>\n<meta name=\"twitter:label1\" content=\"Verfasst von\" \/>\n\t<meta name=\"twitter:data1\" content=\"admin\" \/>\n\t<meta name=\"twitter:label2\" content=\"Gesch\u00e4tzte Lesezeit\" \/>\n\t<meta name=\"twitter:data2\" content=\"1\u00a0Minute\" \/>\n<script type=\"application\/ld+json\" class=\"yoast-schema-graph\">{\"@context\":\"https:\/\/schema.org\",\"@graph\":[{\"@type\":\"WebPage\",\"@id\":\"https:\/\/www.surfers-residence.com\/septiembre-tarifa-temporada-dorada\/\",\"url\":\"https:\/\/www.surfers-residence.com\/septiembre-tarifa-temporada-dorada\/\",\"name\":\"Septiembre en Tarifa para surfistas: la temporada dorada del viento - Surfers Residence\",\"isPartOf\":{\"@id\":\"https:\/\/www.surfers-residence.com\/#website\"},\"datePublished\":\"2025-09-01T07:00:00+00:00\",\"author\":{\"@id\":\"https:\/\/www.surfers-residence.com\/#\/schema\/person\/a96b557d6d3bfe4a478db099efcf99d3\"},\"breadcrumb\":{\"@id\":\"https:\/\/www.surfers-residence.com\/septiembre-tarifa-temporada-dorada\/#breadcrumb\"},\"inLanguage\":\"de\",\"potentialAction\":[{\"@type\":\"ReadAction\",\"target\":[\"https:\/\/www.surfers-residence.com\/septiembre-tarifa-temporada-dorada\/\"]}]},{\"@type\":\"BreadcrumbList\",\"@id\":\"https:\/\/www.surfers-residence.com\/septiembre-tarifa-temporada-dorada\/#breadcrumb\",\"itemListElement\":[{\"@type\":\"ListItem\",\"position\":1,\"name\":\"Portada\",\"item\":\"https:\/\/www.surfers-residence.com\/\"},{\"@type\":\"ListItem\",\"position\":2,\"name\":\"Septiembre en Tarifa para surfistas: la temporada dorada del viento\"}]},{\"@type\":\"WebSite\",\"@id\":\"https:\/\/www.surfers-residence.com\/#website\",\"url\":\"https:\/\/www.surfers-residence.com\/\",\"name\":\"Surfers Residence\",\"description\":\"The Best Surfer House in Tarifa\",\"potentialAction\":[{\"@type\":\"SearchAction\",\"target\":{\"@type\":\"EntryPoint\",\"urlTemplate\":\"https:\/\/www.surfers-residence.com\/?s={search_term_string}\"},\"query-input\":{\"@type\":\"PropertyValueSpecification\",\"valueRequired\":true,\"valueName\":\"search_term_string\"}}],\"inLanguage\":\"de\"},{\"@type\":\"Person\",\"@id\":\"https:\/\/www.surfers-residence.com\/#\/schema\/person\/a96b557d6d3bfe4a478db099efcf99d3\",\"name\":\"admin\",\"image\":{\"@type\":\"ImageObject\",\"inLanguage\":\"de\",\"@id\":\"https:\/\/www.surfers-residence.com\/#\/schema\/person\/image\/\",\"url\":\"https:\/\/secure.gravatar.com\/avatar\/7c2c2556342a0ab19fe5ff8ddbcbc242ee2819bbeb9f6447d41b220b4a720de0?s=96&d=mm&r=g\",\"contentUrl\":\"https:\/\/secure.gravatar.com\/avatar\/7c2c2556342a0ab19fe5ff8ddbcbc242ee2819bbeb9f6447d41b220b4a720de0?s=96&d=mm&r=g\",\"caption\":\"admin\"},\"sameAs\":[\"https:\/\/www.surfers-residence.com\"],\"url\":\"https:\/\/www.surfers-residence.com\/de\/author\/dev_u4gr8zec\/\"}]}<\/script>\n<!-- \/ Yoast SEO plugin. -->","yoast_head_json":{"title":"Septiembre en Tarifa para surfistas: la temporada dorada del viento - Surfers Residence","robots":{"index":"index","follow":"follow","max-snippet":"max-snippet:-1","max-image-preview":"max-image-preview:large","max-video-preview":"max-video-preview:-1"},"canonical":"https:\/\/www.surfers-residence.com\/de\/septiembre-tarifa-temporada-dorada\/","og_locale":"de_DE","og_type":"article","og_title":"Septiembre en Tarifa para surfistas: la temporada dorada del viento - Surfers Residence","og_description":"Por qu\u00e9 septiembre es el mejor mes para surfear en Tarifa: viento perfecto, mar c\u00e1lido, playas sin masificaci\u00f3n y la mejor energ\u00eda de la temporada.","og_url":"https:\/\/www.surfers-residence.com\/de\/septiembre-tarifa-temporada-dorada\/","og_site_name":"Surfers Residence","article_published_time":"2025-09-01T07:00:00+00:00","author":"admin","twitter_card":"summary_large_image","twitter_misc":{"Verfasst von":"admin","Gesch\u00e4tzte Lesezeit":"1\u00a0Minute"},"schema":{"@context":"https:\/\/schema.org","@graph":[{"@type":"WebPage","@id":"https:\/\/www.surfers-residence.com\/septiembre-tarifa-temporada-dorada\/","url":"https:\/\/www.surfers-residence.com\/septiembre-tarifa-temporada-dorada\/","name":"Septiembre en Tarifa para surfistas: la temporada dorada del viento - Surfers Residence","isPartOf":{"@id":"https:\/\/www.surfers-residence.com\/#website"},"datePublished":"2025-09-01T07:00:00+00:00","author":{"@id":"https:\/\/www.surfers-residence.com\/#\/schema\/person\/a96b557d6d3bfe4a478db099efcf99d3"},"breadcrumb":{"@id":"https:\/\/www.surfers-residence.com\/septiembre-tarifa-temporada-dorada\/#breadcrumb"},"inLanguage":"de","potentialAction":[{"@type":"ReadAction","target":["https:\/\/www.surfers-residence.com\/septiembre-tarifa-temporada-dorada\/"]}]},{"@type":"BreadcrumbList","@id":"https:\/\/www.surfers-residence.com\/septiembre-tarifa-temporada-dorada\/#breadcrumb","itemListElement":[{"@type":"ListItem","position":1,"name":"Portada","item":"https:\/\/www.surfers-residence.com\/"},{"@type":"ListItem","position":2,"name":"Septiembre en Tarifa para surfistas: la temporada dorada del viento"}]},{"@type":"WebSite","@id":"https:\/\/www.surfers-residence.com\/#website","url":"https:\/\/www.surfers-residence.com\/","name":"Surfers Residence","description":"The Best Surfer House in Tarifa","potentialAction":[{"@type":"SearchAction","target":{"@type":"EntryPoint","urlTemplate":"https:\/\/www.surfers-residence.com\/?s={search_term_string}"},"query-input":{"@type":"PropertyValueSpecification","valueRequired":true,"valueName":"search_term_string"}}],"inLanguage":"de"},{"@type":"Person","@id":"https:\/\/www.surfers-residence.com\/#\/schema\/person\/a96b557d6d3bfe4a478db099efcf99d3","name":"admin","image":{"@type":"ImageObject","inLanguage":"de","@id":"https:\/\/www.surfers-residence.com\/#\/schema\/person\/image\/","url":"https:\/\/secure.gravatar.com\/avatar\/7c2c2556342a0ab19fe5ff8ddbcbc242ee2819bbeb9f6447d41b220b4a720de0?s=96&d=mm&r=g","contentUrl":"https:\/\/secure.gravatar.com\/avatar\/7c2c2556342a0ab19fe5ff8ddbcbc242ee2819bbeb9f6447d41b220b4a720de0?s=96&d=mm&r=g","caption":"admin"},"sameAs":["https:\/\/www.surfers-residence.com"],"url":"https:\/\/www.surfers-residence.com\/de\/author\/dev_u4gr8zec\/"}]}},"_links":{"self":[{"href":"https:\/\/www.surfers-residence.com\/de\/wp-json\/wp\/v2\/posts\/1167","targetHints":{"allow":["GET"]}}],"collection":[{"href":"https:\/\/www.surfers-residence.com\/de\/wp-json\/wp\/v2\/posts"}],"about":[{"href":"https:\/\/www.surfers-residence.com\/de\/wp-json\/wp\/v2\/types\/post"}],"author":[{"embeddable":true,"href":"https:\/\/www.surfers-residence.com\/de\/wp-json\/wp\/v2\/users\/1"}],"replies":[{"embeddable":true,"href":"https:\/\/www.surfers-residence.com\/de\/wp-json\/wp\/v2\/comments?post=1167"}],"version-history":[{"count":0,"href":"https:\/\/www.surfers-residence.com\/de\/wp-json\/wp\/v2\/posts\/1167\/revisions"}],"wp:attachment":[{"href":"https:\/\/www.surfers-residence.com\/de\/wp-json\/wp\/v2\/media?parent=1167"}],"wp:term":[{"taxonomy":"category","embeddable":true,"href":"https:\/\/www.surfers-residence.com\/de\/wp-json\/wp\/v2\/categories?post=1167"},{"taxonomy":"post_tag","embeddable":true,"href":"https:\/\/www.surfers-residence.com\/de\/wp-json\/wp\/v2\/tags?post=1167"}],"curies":[{"name":"wp","href":"https:\/\/api.w.org\/{rel}","templated":true}]}}