{"id":1167,"date":"2025-09-01T09:00:00","date_gmt":"2025-09-01T07:00:00","guid":{"rendered":"https:\/\/www.surfers-residence.com\/?p=213"},"modified":"2025-09-01T09:00:00","modified_gmt":"2025-09-01T07:00:00","slug":"septiembre-tarifa-temporada-dorada","status":"publish","type":"post","link":"https:\/\/www.surfers-residence.com\/el\/septiembre-tarifa-temporada-dorada\/","title":{"rendered":"Septiembre en Tarifa para surfistas: la temporada dorada del viento"},"content":{"rendered":"<p>\u0391\u03bd \u03c5\u03c0\u03ac\u03c1\u03c7\u03b5\u03b9 \u03ad\u03bd\u03b1\u03c2 \u03bc\u03ae\u03bd\u03b1\u03c2 \u03c0\u03bf\u03c5 \u03bf\u03b9 \u03b1\u03bd\u03b1\u03b2\u03ac\u03c4\u03b5\u03c2 \u03c4\u03b7\u03c2 \u03a4\u03b1\u03c1\u03af\u03c6\u03b1 \u03b1\u03bd\u03b1\u03b3\u03c1\u03ac\u03c6\u03bf\u03c5\u03bd \u03c3\u03c4\u03bf \u03b7\u03bc\u03b5\u03c1\u03bf\u03bb\u03cc\u03b3\u03b9\u03bf \u03bc\u03b5 \u03b8\u03c1\u03b7\u03c3\u03ba\u03b5\u03c5\u03c4\u03b9\u03ba\u03ae \u03c3\u03c7\u03b5\u03b4\u03cc\u03bd \u03b8\u03ad\u03c1\u03bc\u03b7, \u03b1\u03c5\u03c4\u03cc\u03c2 \u03b5\u03af\u03bd\u03b1\u03b9 \u03bf \u03a3\u03b5\u03c0\u03c4\u03ad\u03bc\u03b2\u03c1\u03b9\u03bf\u03c2. El verano se va, los turistas tambi\u00e9n, y el Estrecho se queda para los que de verdad han venido a surfear.<\/p>\n<h2>El viento en septiembre<\/h2>\n<p>\u039f \u03a3\u03b5\u03c0\u03c4\u03ad\u03bc\u03b2\u03c1\u03b9\u03bf\u03c2 \u03c3\u03c5\u03bd\u03b4\u03c5\u03ac\u03b6\u03b5\u03b9 \u03c4\u03bf \u03ba\u03b1\u03bb\u03cd\u03c4\u03b5\u03c1\u03bf \u03c4\u03bf\u03c5 \u03b2\u03b5\u03c1\u03bd\u03ac\u03bd\u03bf\u03c5 \u03ba\u03b1\u03b9 \u03c4\u03bf\u03c5 \u03cc\u03c4\u03bf\u03bd\u03bf: \u03bf \u03ac\u03bd\u03b5\u03bc\u03bf\u03c2 \u03b5\u03be\u03b1\u03ba\u03bf\u03bb\u03bf\u03c5\u03b8\u03b5\u03af \u03bd\u03b1 \u03b5\u03af\u03bd\u03b1\u03b9 \u03c3\u03c4\u03b1\u03b8\u03b5\u03c1\u03cc\u03c2 \u03ba\u03b1\u03b9 \u03c3\u03c4\u03b1\u03b8\u03b5\u03c1\u03cc\u03c2, \u03b1\u03bb\u03bb\u03ac \u03bc\u03b5 \u03bb\u03b9\u03b3\u03cc\u03c4\u03b5\u03c1\u03b5\u03c2 \u03b1\u03ba\u03c1\u03b1\u03af\u03b5\u03c2 \u03b2\u03c1\u03bf\u03c7\u03ad\u03c2 \u03b1\u03c0\u03cc \u03cc,\u03c4\u03b9 \u03c4\u03bf\u03bd \u0391\u03cd\u03b3\u03bf\u03c5\u03c3\u03c4\u03bf. Las ventanas de viento son m\u00e1s largas y regulares. Para los riders intermedios, es el mes ideal: suficiente potencia para progresar, suficiente estabilidad para disfrutar.<\/p>\n<h2>\u039d\u03b5\u03c1\u03cc: 23\u00b0C \u03ba\u03b1\u03b9 \u03ba\u03c1\u03c5\u03c3\u03c4\u03ac\u03bb\u03bb\u03b9\u03bd\u03bf<\/h2>\n<p>\u039c\u03b5\u03c4\u03ac \u03b1\u03c0\u03cc \u03c4\u03c1\u03b5\u03b9\u03c2 \u03bc\u03ae\u03bd\u03b5\u03c2 \u03ba\u03b1\u03bb\u03bf\u03ba\u03b1\u03b9\u03c1\u03b9\u03bd\u03ae\u03c2 \u03c0\u03b5\u03c1\u03b9\u03cc\u03b4\u03bf\u03c5, \u03bf \u0391\u03c4\u03bb\u03b1\u03bd\u03c4\u03b9\u03ba\u03cc\u03c2 \u03c6\u03c4\u03ac\u03bd\u03b5\u03b9 \u03c4\u03bf\u03bd \u03a3\u03b5\u03c0\u03c4\u03ad\u03bc\u03b2\u03c1\u03b9\u03bf \u03c3\u03c4\u03bf \u03bc\u03ad\u03b3\u03b9\u03c3\u03c4\u03bf \u03c3\u03b7\u03bc\u03b5\u03af\u03bf \u03b8\u03b5\u03c1\u03bc\u03bf\u03ba\u03c1\u03b1\u03c3\u03af\u03b1\u03c2 \u03c4\u03bf\u03c5. Un traje de 3\/2 mm es m\u00e1s que suficiente para sesiones de varias horas. El agua clara y c\u00e1lida hace que quedarse en el agua sea dif\u00edcil de resistir.<\/p>\n<h2>La playa sin aglomeraciones<\/h2>\n<p>Este es el gran secreto de septiembre: Los Lances recupera su espacio. Puedes lanzar el kite sin preocuparte de ni\u00f1os corriendo, sin colas en los chiringuitos y sin tener que buscar sitio en el aparcamiento. La playa vuelve a ser de los riders.<\/p>\n<h2>La Surfers Residence en septiembre<\/h2>\n<p>Septiembre es uno de nuestros meses favoritos en la casa. La mezcla de hu\u00e9spedes es perfecta: riders que repiten por tercer o cuarto a\u00f1o, principiantes motivados que quieren aprovechar las mejores condiciones, y alg\u00fan local que de vez en cuando se une a la terraza de tarde. Reserva con tiempo: septiembre se llena r\u00e1pido.<\/p>","protected":false},"excerpt":{"rendered":"<p>Por qu\u00e9 septiembre es el mejor mes para surfear en Tarifa: viento perfecto, mar c\u00e1lido, playas sin masificaci\u00f3n y la mejor energ\u00eda de la temporada.<\/p>","protected":false},"author":1,"featured_media":0,"comment_status":"open","ping_status":"open","sticky":false,"template":"","format":"standard","meta":{"footnotes":""},"categories":[11,10],"tags":[],"class_list":["post-1167","post","type-post","status-publish","format-standard","hentry","category-surf-lifestyle","category-tarifa"],"yoast_head":"<!-- This site is optimized with the Yoast SEO plugin v25.3 - https:\/\/yoast.com\/wordpress\/plugins\/seo\/ -->\n<title>Septiembre en Tarifa para surfistas: la temporada dorada del viento - Surfers Residence<\/title>\n<meta name=\"robots\" content=\"index, follow, max-snippet:-1, max-image-preview:large, max-video-preview:-1\" \/>\n<link rel=\"canonical\" href=\"https:\/\/www.surfers-residence.com\/el\/septiembre-tarifa-temporada-dorada\/\" \/>\n<meta property=\"og:locale\" content=\"el_GR\" \/>\n<meta property=\"og:type\" content=\"article\" \/>\n<meta property=\"og:title\" content=\"Septiembre en Tarifa para surfistas: la temporada dorada del viento - Surfers Residence\" \/>\n<meta property=\"og:description\" content=\"Por qu\u00e9 septiembre es el mejor mes para surfear en Tarifa: viento perfecto, mar c\u00e1lido, playas sin masificaci\u00f3n y la mejor energ\u00eda de la temporada.\" \/>\n<meta property=\"og:url\" content=\"https:\/\/www.surfers-residence.com\/el\/septiembre-tarifa-temporada-dorada\/\" \/>\n<meta property=\"og:site_name\" content=\"Surfers Residence\" \/>\n<meta property=\"article:published_time\" content=\"2025-09-01T07:00:00+00:00\" \/>\n<meta name=\"author\" content=\"admin\" \/>\n<meta name=\"twitter:card\" content=\"summary_large_image\" \/>\n<meta name=\"twitter:label1\" content=\"\u03a3\u03c5\u03bd\u03c4\u03ac\u03c7\u03b8\u03b7\u03ba\u03b5 \u03b1\u03c0\u03cc\" \/>\n\t<meta name=\"twitter:data1\" content=\"admin\" \/>\n\t<meta name=\"twitter:label2\" content=\"\u0395\u03ba\u03c4\u03b9\u03bc\u03ce\u03bc\u03b5\u03bd\u03bf\u03c2 \u03c7\u03c1\u03cc\u03bd\u03bf\u03c2 \u03b1\u03bd\u03ac\u03b3\u03bd\u03c9\u03c3\u03b7\u03c2\" \/>\n\t<meta name=\"twitter:data2\" content=\"1 \u03bb\u03b5\u03c0\u03c4\u03cc\" \/>\n<script type=\"application\/ld+json\" class=\"yoast-schema-graph\">{\"@context\":\"https:\/\/schema.org\",\"@graph\":[{\"@type\":\"WebPage\",\"@id\":\"https:\/\/www.surfers-residence.com\/septiembre-tarifa-temporada-dorada\/\",\"url\":\"https:\/\/www.surfers-residence.com\/septiembre-tarifa-temporada-dorada\/\",\"name\":\"Septiembre en Tarifa para surfistas: la temporada dorada del viento - Surfers Residence\",\"isPartOf\":{\"@id\":\"https:\/\/www.surfers-residence.com\/#website\"},\"datePublished\":\"2025-09-01T07:00:00+00:00\",\"author\":{\"@id\":\"https:\/\/www.surfers-residence.com\/#\/schema\/person\/a96b557d6d3bfe4a478db099efcf99d3\"},\"breadcrumb\":{\"@id\":\"https:\/\/www.surfers-residence.com\/septiembre-tarifa-temporada-dorada\/#breadcrumb\"},\"inLanguage\":\"el\",\"potentialAction\":[{\"@type\":\"ReadAction\",\"target\":[\"https:\/\/www.surfers-residence.com\/septiembre-tarifa-temporada-dorada\/\"]}]},{\"@type\":\"BreadcrumbList\",\"@id\":\"https:\/\/www.surfers-residence.com\/septiembre-tarifa-temporada-dorada\/#breadcrumb\",\"itemListElement\":[{\"@type\":\"ListItem\",\"position\":1,\"name\":\"Portada\",\"item\":\"https:\/\/www.surfers-residence.com\/\"},{\"@type\":\"ListItem\",\"position\":2,\"name\":\"Septiembre en Tarifa para surfistas: la temporada dorada del viento\"}]},{\"@type\":\"WebSite\",\"@id\":\"https:\/\/www.surfers-residence.com\/#website\",\"url\":\"https:\/\/www.surfers-residence.com\/\",\"name\":\"Surfers Residence\",\"description\":\"The Best Surfer House in Tarifa\",\"potentialAction\":[{\"@type\":\"SearchAction\",\"target\":{\"@type\":\"EntryPoint\",\"urlTemplate\":\"https:\/\/www.surfers-residence.com\/?s={search_term_string}\"},\"query-input\":{\"@type\":\"PropertyValueSpecification\",\"valueRequired\":true,\"valueName\":\"search_term_string\"}}],\"inLanguage\":\"el\"},{\"@type\":\"Person\",\"@id\":\"https:\/\/www.surfers-residence.com\/#\/schema\/person\/a96b557d6d3bfe4a478db099efcf99d3\",\"name\":\"admin\",\"image\":{\"@type\":\"ImageObject\",\"inLanguage\":\"el\",\"@id\":\"https:\/\/www.surfers-residence.com\/#\/schema\/person\/image\/\",\"url\":\"https:\/\/secure.gravatar.com\/avatar\/7c2c2556342a0ab19fe5ff8ddbcbc242ee2819bbeb9f6447d41b220b4a720de0?s=96&d=mm&r=g\",\"contentUrl\":\"https:\/\/secure.gravatar.com\/avatar\/7c2c2556342a0ab19fe5ff8ddbcbc242ee2819bbeb9f6447d41b220b4a720de0?s=96&d=mm&r=g\",\"caption\":\"admin\"},\"sameAs\":[\"https:\/\/www.surfers-residence.com\"],\"url\":\"https:\/\/www.surfers-residence.com\/el\/author\/dev_u4gr8zec\/\"}]}<\/script>\n<!-- \/ Yoast SEO plugin. -->","yoast_head_json":{"title":"Septiembre en Tarifa para surfistas: la temporada dorada del viento - Surfers Residence","robots":{"index":"index","follow":"follow","max-snippet":"max-snippet:-1","max-image-preview":"max-image-preview:large","max-video-preview":"max-video-preview:-1"},"canonical":"https:\/\/www.surfers-residence.com\/el\/septiembre-tarifa-temporada-dorada\/","og_locale":"el_GR","og_type":"article","og_title":"Septiembre en Tarifa para surfistas: la temporada dorada del viento - Surfers Residence","og_description":"Por qu\u00e9 septiembre es el mejor mes para surfear en Tarifa: viento perfecto, mar c\u00e1lido, playas sin masificaci\u00f3n y la mejor energ\u00eda de la temporada.","og_url":"https:\/\/www.surfers-residence.com\/el\/septiembre-tarifa-temporada-dorada\/","og_site_name":"Surfers Residence","article_published_time":"2025-09-01T07:00:00+00:00","author":"admin","twitter_card":"summary_large_image","twitter_misc":{"\u03a3\u03c5\u03bd\u03c4\u03ac\u03c7\u03b8\u03b7\u03ba\u03b5 \u03b1\u03c0\u03cc":"admin","\u0395\u03ba\u03c4\u03b9\u03bc\u03ce\u03bc\u03b5\u03bd\u03bf\u03c2 \u03c7\u03c1\u03cc\u03bd\u03bf\u03c2 \u03b1\u03bd\u03ac\u03b3\u03bd\u03c9\u03c3\u03b7\u03c2":"1 \u03bb\u03b5\u03c0\u03c4\u03cc"},"schema":{"@context":"https:\/\/schema.org","@graph":[{"@type":"WebPage","@id":"https:\/\/www.surfers-residence.com\/septiembre-tarifa-temporada-dorada\/","url":"https:\/\/www.surfers-residence.com\/septiembre-tarifa-temporada-dorada\/","name":"Septiembre en Tarifa para surfistas: la temporada dorada del viento - Surfers Residence","isPartOf":{"@id":"https:\/\/www.surfers-residence.com\/#website"},"datePublished":"2025-09-01T07:00:00+00:00","author":{"@id":"https:\/\/www.surfers-residence.com\/#\/schema\/person\/a96b557d6d3bfe4a478db099efcf99d3"},"breadcrumb":{"@id":"https:\/\/www.surfers-residence.com\/septiembre-tarifa-temporada-dorada\/#breadcrumb"},"inLanguage":"el","potentialAction":[{"@type":"ReadAction","target":["https:\/\/www.surfers-residence.com\/septiembre-tarifa-temporada-dorada\/"]}]},{"@type":"BreadcrumbList","@id":"https:\/\/www.surfers-residence.com\/septiembre-tarifa-temporada-dorada\/#breadcrumb","itemListElement":[{"@type":"ListItem","position":1,"name":"Portada","item":"https:\/\/www.surfers-residence.com\/"},{"@type":"ListItem","position":2,"name":"Septiembre en Tarifa para surfistas: la temporada dorada del viento"}]},{"@type":"WebSite","@id":"https:\/\/www.surfers-residence.com\/#website","url":"https:\/\/www.surfers-residence.com\/","name":"Surfers Residence","description":"The Best Surfer House in Tarifa","potentialAction":[{"@type":"SearchAction","target":{"@type":"EntryPoint","urlTemplate":"https:\/\/www.surfers-residence.com\/?s={search_term_string}"},"query-input":{"@type":"PropertyValueSpecification","valueRequired":true,"valueName":"search_term_string"}}],"inLanguage":"el"},{"@type":"Person","@id":"https:\/\/www.surfers-residence.com\/#\/schema\/person\/a96b557d6d3bfe4a478db099efcf99d3","name":"admin","image":{"@type":"ImageObject","inLanguage":"el","@id":"https:\/\/www.surfers-residence.com\/#\/schema\/person\/image\/","url":"https:\/\/secure.gravatar.com\/avatar\/7c2c2556342a0ab19fe5ff8ddbcbc242ee2819bbeb9f6447d41b220b4a720de0?s=96&d=mm&r=g","contentUrl":"https:\/\/secure.gravatar.com\/avatar\/7c2c2556342a0ab19fe5ff8ddbcbc242ee2819bbeb9f6447d41b220b4a720de0?s=96&d=mm&r=g","caption":"admin"},"sameAs":["https:\/\/www.surfers-residence.com"],"url":"https:\/\/www.surfers-residence.com\/el\/author\/dev_u4gr8zec\/"}]}},"_links":{"self":[{"href":"https:\/\/www.surfers-residence.com\/el\/wp-json\/wp\/v2\/posts\/1167","targetHints":{"allow":["GET"]}}],"collection":[{"href":"https:\/\/www.surfers-residence.com\/el\/wp-json\/wp\/v2\/posts"}],"about":[{"href":"https:\/\/www.surfers-residence.com\/el\/wp-json\/wp\/v2\/types\/post"}],"author":[{"embeddable":true,"href":"https:\/\/www.surfers-residence.com\/el\/wp-json\/wp\/v2\/users\/1"}],"replies":[{"embeddable":true,"href":"https:\/\/www.surfers-residence.com\/el\/wp-json\/wp\/v2\/comments?post=1167"}],"version-history":[{"count":0,"href":"https:\/\/www.surfers-residence.com\/el\/wp-json\/wp\/v2\/posts\/1167\/revisions"}],"wp:attachment":[{"href":"https:\/\/www.surfers-residence.com\/el\/wp-json\/wp\/v2\/media?parent=1167"}],"wp:term":[{"taxonomy":"category","embeddable":true,"href":"https:\/\/www.surfers-residence.com\/el\/wp-json\/wp\/v2\/categories?post=1167"},{"taxonomy":"post_tag","embeddable":true,"href":"https:\/\/www.surfers-residence.com\/el\/wp-json\/wp\/v2\/tags?post=1167"}],"curies":[{"name":"wp","href":"https:\/\/api.w.org\/{rel}","templated":true}]}}