{"id":1174,"date":"2025-11-01T09:00:00","date_gmt":"2025-11-01T08:00:00","guid":{"rendered":"https:\/\/www.surfers-residence.com\/?p=221"},"modified":"2025-11-01T09:00:00","modified_gmt":"2025-11-01T08:00:00","slug":"invierno-tarifa-surfistas-swells","status":"publish","type":"post","link":"https:\/\/www.surfers-residence.com\/el\/invierno-tarifa-surfistas-swells\/","title":{"rendered":"Invierno en Tarifa para surfistas: las swells atl\u00e1nticas y las sesiones de ensue\u00f1o"},"content":{"rendered":"<p>\u0395\u03bd\u03ce \u03b7 \u03c5\u03c0\u03cc\u03bb\u03bf\u03b9\u03c0\u03b7 \u0395\u03c5\u03c1\u03ce\u03c0\u03b7 \u03c0\u03c1\u03bf\u03b5\u03c4\u03bf\u03b9\u03bc\u03ac\u03b6\u03b5\u03c4\u03b1\u03b9 \u03b3\u03b9\u03b1 \u03c4\u03bf \u03c7\u03b5\u03b9\u03bc\u03ce\u03bd\u03b1, \u03b7 \u03a4\u03b1\u03c1\u03af\u03c6\u03b1 \u03b1\u03c0\u03bf\u03b3\u03b5\u03b9\u03ce\u03bd\u03b5\u03c4\u03b1\u03b9. Las primeras tormentas atl\u00e1nticas de octubre y noviembre traen swells que en verano simplemente no existense, y los riders que saben aprovecharlos viven algunas de las mejores sesiones del a\u00f1o.<\/p>\n<h2>Las olas del invierno<\/h2>\n<p>Las swells de invierno en Tarifa pueden alcanzar entre 2 y 4 metros de altura en las playas m\u00e1s expuestas. \u0397 Bolonia, \u03b7 Punta Paloma \u03ba\u03b1\u03b9 \u03b7 \u03b1\u03c4\u03bb\u03b1\u03bd\u03c4\u03b9\u03ba\u03ae \u03c0\u03bb\u03b5\u03c5\u03c1\u03ac \u03c4\u03b7\u03c2 \u03b1\u03ba\u03c4\u03ae\u03c2 \u03b4\u03ad\u03c7\u03bf\u03bd\u03c4\u03b1\u03b9 \u03c4\u03b7\u03bd \u03b5\u03bd\u03ad\u03c1\u03b3\u03b5\u03b9\u03b1 \u03b1\u03c0\u03b5\u03c5\u03b8\u03b5\u03af\u03b1\u03c2 \u03b1\u03c0\u03cc \u03c4\u03b1 \u03c3\u03c5\u03c3\u03c4\u03ae\u03bc\u03b1\u03c4\u03b1 \u03bc\u03b5 \u03c7\u03b1\u03bc\u03b7\u03bb\u03ae \u03c0\u03af\u03b5\u03c3\u03b7 \u03c0\u03bf\u03c5 \u03c3\u03c7\u03b7\u03bc\u03b1\u03c4\u03af\u03b6\u03bf\u03bd\u03c4\u03b1\u03b9 \u03c3\u03c4\u03bf \u03b2\u03cc\u03c1\u03b5\u03b9\u03bf \u0391\u03c4\u03bb\u03b1\u03bd\u03c4\u03b9\u03ba\u03cc. Para el surf de ola y el kite wave, son condiciones de nivel mundial.<\/p>\n<h2>El viento de invierno<\/h2>\n<p>En invierno el patr\u00f3n de viento cambia: los ponientes ganan protagonismo respecto al levante veraniego. El poniente de invierno trae viento fuerte del oeste y olas al mismo tiempo, una combinaci\u00f3n perfecta para el kite wave y el windsurf de ola. Tambi\u00e9n hay m\u00e1s d\u00edas de calma absoluta que en verano.<\/p>\n<h2>La temperatura: \u00bfhace fr\u00edo?<\/h2>\n<p>El agua en diciembre-febrero ronda los 15-17\u00b0C: fr\u00eda pero tratable con un buen traje de 5\/4 mm, capucha, guantes y escarpines. El aire es suave: raramente baja de los 12-15\u00b0C durante el d\u00eda. Para un italiano o un centroeuropeo, no es fr\u00edo real.<\/p>\n<h2>Los precios y la tranquilidad de invierno<\/h2>\n<p>En invierno los precios en Tarifa bajan entre un 40% y un 60% respecto al verano. La <strong>\u039a\u03b1\u03c4\u03bf\u03b9\u03ba\u03af\u03b1 Surfers<\/strong> tiene tarifas de temporada baja muy asequibles y la posibilidad de estancias largas a precio especial. Es la temporada perfecta para los n\u00f3madas digitales que quieren combinar trabajo y agua.<\/p>","protected":false},"excerpt":{"rendered":"<p>Tarifa en invierno para surfistas: las swells atl\u00e1nticas, el viento de poniente, la temperatura del agua y por qu\u00e9 los precios bajos hacen del invierno la temporada perfecta.<\/p>","protected":false},"author":1,"featured_media":0,"comment_status":"open","ping_status":"open","sticky":false,"template":"","format":"standard","meta":{"footnotes":""},"categories":[11,10],"tags":[],"class_list":["post-1174","post","type-post","status-publish","format-standard","hentry","category-surf-lifestyle","category-tarifa"],"yoast_head":"<!-- This site is optimized with the Yoast SEO plugin v25.3 - https:\/\/yoast.com\/wordpress\/plugins\/seo\/ -->\n<title>Invierno en Tarifa para surfistas: las swells atl\u00e1nticas y las sesiones de ensue\u00f1o - Surfers Residence<\/title>\n<meta name=\"robots\" content=\"index, follow, max-snippet:-1, max-image-preview:large, max-video-preview:-1\" \/>\n<link rel=\"canonical\" href=\"https:\/\/www.surfers-residence.com\/el\/invierno-tarifa-surfistas-swells\/\" \/>\n<meta property=\"og:locale\" content=\"el_GR\" \/>\n<meta property=\"og:type\" content=\"article\" \/>\n<meta property=\"og:title\" content=\"Invierno en Tarifa para surfistas: las swells atl\u00e1nticas y las sesiones de ensue\u00f1o - Surfers Residence\" \/>\n<meta property=\"og:description\" content=\"Tarifa en invierno para surfistas: las swells atl\u00e1nticas, el viento de poniente, la temperatura del agua y por qu\u00e9 los precios bajos hacen del invierno la temporada perfecta.\" \/>\n<meta property=\"og:url\" content=\"https:\/\/www.surfers-residence.com\/el\/invierno-tarifa-surfistas-swells\/\" \/>\n<meta property=\"og:site_name\" content=\"Surfers Residence\" \/>\n<meta property=\"article:published_time\" content=\"2025-11-01T08:00:00+00:00\" \/>\n<meta name=\"author\" content=\"admin\" \/>\n<meta name=\"twitter:card\" content=\"summary_large_image\" \/>\n<meta name=\"twitter:label1\" content=\"\u03a3\u03c5\u03bd\u03c4\u03ac\u03c7\u03b8\u03b7\u03ba\u03b5 \u03b1\u03c0\u03cc\" \/>\n\t<meta name=\"twitter:data1\" content=\"admin\" \/>\n\t<meta name=\"twitter:label2\" content=\"\u0395\u03ba\u03c4\u03b9\u03bc\u03ce\u03bc\u03b5\u03bd\u03bf\u03c2 \u03c7\u03c1\u03cc\u03bd\u03bf\u03c2 \u03b1\u03bd\u03ac\u03b3\u03bd\u03c9\u03c3\u03b7\u03c2\" \/>\n\t<meta name=\"twitter:data2\" content=\"1 \u03bb\u03b5\u03c0\u03c4\u03cc\" \/>\n<script type=\"application\/ld+json\" class=\"yoast-schema-graph\">{\"@context\":\"https:\/\/schema.org\",\"@graph\":[{\"@type\":\"WebPage\",\"@id\":\"https:\/\/www.surfers-residence.com\/invierno-tarifa-surfistas-swells\/\",\"url\":\"https:\/\/www.surfers-residence.com\/invierno-tarifa-surfistas-swells\/\",\"name\":\"Invierno en Tarifa para surfistas: las swells atl\u00e1nticas y las sesiones de ensue\u00f1o - Surfers Residence\",\"isPartOf\":{\"@id\":\"https:\/\/www.surfers-residence.com\/#website\"},\"datePublished\":\"2025-11-01T08:00:00+00:00\",\"author\":{\"@id\":\"https:\/\/www.surfers-residence.com\/#\/schema\/person\/a96b557d6d3bfe4a478db099efcf99d3\"},\"breadcrumb\":{\"@id\":\"https:\/\/www.surfers-residence.com\/invierno-tarifa-surfistas-swells\/#breadcrumb\"},\"inLanguage\":\"el\",\"potentialAction\":[{\"@type\":\"ReadAction\",\"target\":[\"https:\/\/www.surfers-residence.com\/invierno-tarifa-surfistas-swells\/\"]}]},{\"@type\":\"BreadcrumbList\",\"@id\":\"https:\/\/www.surfers-residence.com\/invierno-tarifa-surfistas-swells\/#breadcrumb\",\"itemListElement\":[{\"@type\":\"ListItem\",\"position\":1,\"name\":\"Portada\",\"item\":\"https:\/\/www.surfers-residence.com\/\"},{\"@type\":\"ListItem\",\"position\":2,\"name\":\"Invierno en Tarifa para surfistas: las swells atl\u00e1nticas y las sesiones de ensue\u00f1o\"}]},{\"@type\":\"WebSite\",\"@id\":\"https:\/\/www.surfers-residence.com\/#website\",\"url\":\"https:\/\/www.surfers-residence.com\/\",\"name\":\"Surfers Residence\",\"description\":\"The Best Surfer House in Tarifa\",\"potentialAction\":[{\"@type\":\"SearchAction\",\"target\":{\"@type\":\"EntryPoint\",\"urlTemplate\":\"https:\/\/www.surfers-residence.com\/?s={search_term_string}\"},\"query-input\":{\"@type\":\"PropertyValueSpecification\",\"valueRequired\":true,\"valueName\":\"search_term_string\"}}],\"inLanguage\":\"el\"},{\"@type\":\"Person\",\"@id\":\"https:\/\/www.surfers-residence.com\/#\/schema\/person\/a96b557d6d3bfe4a478db099efcf99d3\",\"name\":\"admin\",\"image\":{\"@type\":\"ImageObject\",\"inLanguage\":\"el\",\"@id\":\"https:\/\/www.surfers-residence.com\/#\/schema\/person\/image\/\",\"url\":\"https:\/\/secure.gravatar.com\/avatar\/7c2c2556342a0ab19fe5ff8ddbcbc242ee2819bbeb9f6447d41b220b4a720de0?s=96&d=mm&r=g\",\"contentUrl\":\"https:\/\/secure.gravatar.com\/avatar\/7c2c2556342a0ab19fe5ff8ddbcbc242ee2819bbeb9f6447d41b220b4a720de0?s=96&d=mm&r=g\",\"caption\":\"admin\"},\"sameAs\":[\"https:\/\/www.surfers-residence.com\"],\"url\":\"https:\/\/www.surfers-residence.com\/el\/author\/dev_u4gr8zec\/\"}]}<\/script>\n<!-- \/ Yoast SEO plugin. -->","yoast_head_json":{"title":"Invierno en Tarifa para surfistas: las swells atl\u00e1nticas y las sesiones de ensue\u00f1o - Surfers Residence","robots":{"index":"index","follow":"follow","max-snippet":"max-snippet:-1","max-image-preview":"max-image-preview:large","max-video-preview":"max-video-preview:-1"},"canonical":"https:\/\/www.surfers-residence.com\/el\/invierno-tarifa-surfistas-swells\/","og_locale":"el_GR","og_type":"article","og_title":"Invierno en Tarifa para surfistas: las swells atl\u00e1nticas y las sesiones de ensue\u00f1o - Surfers Residence","og_description":"Tarifa en invierno para surfistas: las swells atl\u00e1nticas, el viento de poniente, la temperatura del agua y por qu\u00e9 los precios bajos hacen del invierno la temporada perfecta.","og_url":"https:\/\/www.surfers-residence.com\/el\/invierno-tarifa-surfistas-swells\/","og_site_name":"Surfers Residence","article_published_time":"2025-11-01T08:00:00+00:00","author":"admin","twitter_card":"summary_large_image","twitter_misc":{"\u03a3\u03c5\u03bd\u03c4\u03ac\u03c7\u03b8\u03b7\u03ba\u03b5 \u03b1\u03c0\u03cc":"admin","\u0395\u03ba\u03c4\u03b9\u03bc\u03ce\u03bc\u03b5\u03bd\u03bf\u03c2 \u03c7\u03c1\u03cc\u03bd\u03bf\u03c2 \u03b1\u03bd\u03ac\u03b3\u03bd\u03c9\u03c3\u03b7\u03c2":"1 \u03bb\u03b5\u03c0\u03c4\u03cc"},"schema":{"@context":"https:\/\/schema.org","@graph":[{"@type":"WebPage","@id":"https:\/\/www.surfers-residence.com\/invierno-tarifa-surfistas-swells\/","url":"https:\/\/www.surfers-residence.com\/invierno-tarifa-surfistas-swells\/","name":"Invierno en Tarifa para surfistas: las swells atl\u00e1nticas y las sesiones de ensue\u00f1o - Surfers Residence","isPartOf":{"@id":"https:\/\/www.surfers-residence.com\/#website"},"datePublished":"2025-11-01T08:00:00+00:00","author":{"@id":"https:\/\/www.surfers-residence.com\/#\/schema\/person\/a96b557d6d3bfe4a478db099efcf99d3"},"breadcrumb":{"@id":"https:\/\/www.surfers-residence.com\/invierno-tarifa-surfistas-swells\/#breadcrumb"},"inLanguage":"el","potentialAction":[{"@type":"ReadAction","target":["https:\/\/www.surfers-residence.com\/invierno-tarifa-surfistas-swells\/"]}]},{"@type":"BreadcrumbList","@id":"https:\/\/www.surfers-residence.com\/invierno-tarifa-surfistas-swells\/#breadcrumb","itemListElement":[{"@type":"ListItem","position":1,"name":"Portada","item":"https:\/\/www.surfers-residence.com\/"},{"@type":"ListItem","position":2,"name":"Invierno en Tarifa para surfistas: las swells atl\u00e1nticas y las sesiones de ensue\u00f1o"}]},{"@type":"WebSite","@id":"https:\/\/www.surfers-residence.com\/#website","url":"https:\/\/www.surfers-residence.com\/","name":"Surfers Residence","description":"The Best Surfer House in Tarifa","potentialAction":[{"@type":"SearchAction","target":{"@type":"EntryPoint","urlTemplate":"https:\/\/www.surfers-residence.com\/?s={search_term_string}"},"query-input":{"@type":"PropertyValueSpecification","valueRequired":true,"valueName":"search_term_string"}}],"inLanguage":"el"},{"@type":"Person","@id":"https:\/\/www.surfers-residence.com\/#\/schema\/person\/a96b557d6d3bfe4a478db099efcf99d3","name":"admin","image":{"@type":"ImageObject","inLanguage":"el","@id":"https:\/\/www.surfers-residence.com\/#\/schema\/person\/image\/","url":"https:\/\/secure.gravatar.com\/avatar\/7c2c2556342a0ab19fe5ff8ddbcbc242ee2819bbeb9f6447d41b220b4a720de0?s=96&d=mm&r=g","contentUrl":"https:\/\/secure.gravatar.com\/avatar\/7c2c2556342a0ab19fe5ff8ddbcbc242ee2819bbeb9f6447d41b220b4a720de0?s=96&d=mm&r=g","caption":"admin"},"sameAs":["https:\/\/www.surfers-residence.com"],"url":"https:\/\/www.surfers-residence.com\/el\/author\/dev_u4gr8zec\/"}]}},"_links":{"self":[{"href":"https:\/\/www.surfers-residence.com\/el\/wp-json\/wp\/v2\/posts\/1174","targetHints":{"allow":["GET"]}}],"collection":[{"href":"https:\/\/www.surfers-residence.com\/el\/wp-json\/wp\/v2\/posts"}],"about":[{"href":"https:\/\/www.surfers-residence.com\/el\/wp-json\/wp\/v2\/types\/post"}],"author":[{"embeddable":true,"href":"https:\/\/www.surfers-residence.com\/el\/wp-json\/wp\/v2\/users\/1"}],"replies":[{"embeddable":true,"href":"https:\/\/www.surfers-residence.com\/el\/wp-json\/wp\/v2\/comments?post=1174"}],"version-history":[{"count":0,"href":"https:\/\/www.surfers-residence.com\/el\/wp-json\/wp\/v2\/posts\/1174\/revisions"}],"wp:attachment":[{"href":"https:\/\/www.surfers-residence.com\/el\/wp-json\/wp\/v2\/media?parent=1174"}],"wp:term":[{"taxonomy":"category","embeddable":true,"href":"https:\/\/www.surfers-residence.com\/el\/wp-json\/wp\/v2\/categories?post=1174"},{"taxonomy":"post_tag","embeddable":true,"href":"https:\/\/www.surfers-residence.com\/el\/wp-json\/wp\/v2\/tags?post=1174"}],"curies":[{"name":"wp","href":"https:\/\/api.w.org\/{rel}","templated":true}]}}