{"id":1167,"date":"2025-09-01T09:00:00","date_gmt":"2025-09-01T07:00:00","guid":{"rendered":"https:\/\/www.surfers-residence.com\/?p=213"},"modified":"2025-09-01T09:00:00","modified_gmt":"2025-09-01T07:00:00","slug":"septiembre-tarifa-temporada-dorada","status":"publish","type":"post","link":"https:\/\/www.surfers-residence.com\/fr\/septiembre-tarifa-temporada-dorada\/","title":{"rendered":"Septiembre \u00e0 Tarifa pour les surfeurs : la temporada dorada del viento"},"content":{"rendered":"<p>S'il y a un mois que les cavaliers de Tarifa inscrivent au calendrier avec une ferveur quasi religieuse, c'est bien le mois de septembre. Le printemps arrive, les touristes aussi, et l'Estrecho est pr\u00eat pour ceux qui, en r\u00e9alit\u00e9, sont venus surfer.<\/p>\n<h2>Le printemps en septembre<\/h2>\n<p>Septiembre combine le meilleur de l'\u00e9t\u00e9 et de l'hiver : le vent reste fort et constant, mais avec moins de rachats extr\u00eames qu'\u00e0 l'\u00e9t\u00e9. Les courants d'air sont plus larges et plus r\u00e9guliers. Pour les riders interm\u00e9diaires, c'est le mois id\u00e9al : suffisamment de puissance pour progresser, suffisamment de stabilit\u00e9 pour profiter.<\/p>\n<h2>L'eau : 23\u00b0C et cristalline<\/h2>\n<p>Apr\u00e8s trois mois de r\u00e9chauffement estival, l'Atlantique arrive en septembre \u00e0 sa temp\u00e9rature maximale. Un tuyau de 3\/2 mm est plus que suffisant pour des s\u00e9ances de plusieurs heures. El agua clara y c\u00e1lida hace que quedarse en el agua sea dif\u00edcil de resistir.<\/p>\n<h2>La plage sans aglom\u00e9rations<\/h2>\n<p>C'est le grand secret de septembre : Les Lances r\u00e9cup\u00e8rent leur espace. Vous pouvez lancer votre cerf-volant sans vous soucier des enfants qui s'amusent, sans faire de colas dans les restaurants et sans avoir \u00e0 chercher un emplacement dans l'appartement. La plage redevient un lieu de pr\u00e9dilection pour les cavaliers.<\/p>\n<h2>La Surfers Residence en septiembre<\/h2>\n<p>Septiembre est l'un de nos mois pr\u00e9f\u00e9r\u00e9s \u00e0 la maison. Le m\u00e9lange des participants est parfait : des coureurs qui reviennent pour la troisi\u00e8me ou la quatri\u00e8me ann\u00e9e, des jeunes motiv\u00e9s qui veulent am\u00e9liorer leurs conditions de vie, et un habitant qui, de temps en temps, se rend \u00e0 la terrasse le soir. R\u00e9servez votre temps : le mois de septembre s'annonce rapide.<\/p>","protected":false},"excerpt":{"rendered":"<p>C'est pourquoi septembre est le meilleur mois pour surfer \u00e0 Tarifa : le temps est parfait, la mer est claire, les plages ne sont pas masqu\u00e9es et l'\u00e9nergie est la plus forte de la saison.<\/p>","protected":false},"author":1,"featured_media":0,"comment_status":"open","ping_status":"open","sticky":false,"template":"","format":"standard","meta":{"footnotes":""},"categories":[11,10],"tags":[],"class_list":["post-1167","post","type-post","status-publish","format-standard","hentry","category-surf-lifestyle","category-tarifa"],"yoast_head":"<!-- This site is optimized with the Yoast SEO plugin v25.3 - https:\/\/yoast.com\/wordpress\/plugins\/seo\/ -->\n<title>Septiembre en Tarifa para surfistas: la temporada dorada del viento - Surfers Residence<\/title>\n<meta name=\"robots\" content=\"index, follow, max-snippet:-1, max-image-preview:large, max-video-preview:-1\" \/>\n<link rel=\"canonical\" href=\"https:\/\/www.surfers-residence.com\/fr\/septiembre-tarifa-temporada-dorada\/\" \/>\n<meta property=\"og:locale\" content=\"fr_FR\" \/>\n<meta property=\"og:type\" content=\"article\" \/>\n<meta property=\"og:title\" content=\"Septiembre en Tarifa para surfistas: la temporada dorada del viento - Surfers Residence\" \/>\n<meta property=\"og:description\" content=\"Por qu\u00e9 septiembre es el mejor mes para surfear en Tarifa: viento perfecto, mar c\u00e1lido, playas sin masificaci\u00f3n y la mejor energ\u00eda de la temporada.\" \/>\n<meta property=\"og:url\" content=\"https:\/\/www.surfers-residence.com\/fr\/septiembre-tarifa-temporada-dorada\/\" \/>\n<meta property=\"og:site_name\" content=\"Surfers Residence\" \/>\n<meta property=\"article:published_time\" content=\"2025-09-01T07:00:00+00:00\" \/>\n<meta name=\"author\" content=\"admin\" \/>\n<meta name=\"twitter:card\" content=\"summary_large_image\" \/>\n<meta name=\"twitter:label1\" content=\"\u00c9crit par\" \/>\n\t<meta name=\"twitter:data1\" content=\"admin\" \/>\n\t<meta name=\"twitter:label2\" content=\"Dur\u00e9e de lecture estim\u00e9e\" \/>\n\t<meta name=\"twitter:data2\" content=\"1 minute\" \/>\n<script type=\"application\/ld+json\" class=\"yoast-schema-graph\">{\"@context\":\"https:\/\/schema.org\",\"@graph\":[{\"@type\":\"WebPage\",\"@id\":\"https:\/\/www.surfers-residence.com\/septiembre-tarifa-temporada-dorada\/\",\"url\":\"https:\/\/www.surfers-residence.com\/septiembre-tarifa-temporada-dorada\/\",\"name\":\"Septiembre en Tarifa para surfistas: la temporada dorada del viento - Surfers Residence\",\"isPartOf\":{\"@id\":\"https:\/\/www.surfers-residence.com\/#website\"},\"datePublished\":\"2025-09-01T07:00:00+00:00\",\"author\":{\"@id\":\"https:\/\/www.surfers-residence.com\/#\/schema\/person\/a96b557d6d3bfe4a478db099efcf99d3\"},\"breadcrumb\":{\"@id\":\"https:\/\/www.surfers-residence.com\/septiembre-tarifa-temporada-dorada\/#breadcrumb\"},\"inLanguage\":\"fr-FR\",\"potentialAction\":[{\"@type\":\"ReadAction\",\"target\":[\"https:\/\/www.surfers-residence.com\/septiembre-tarifa-temporada-dorada\/\"]}]},{\"@type\":\"BreadcrumbList\",\"@id\":\"https:\/\/www.surfers-residence.com\/septiembre-tarifa-temporada-dorada\/#breadcrumb\",\"itemListElement\":[{\"@type\":\"ListItem\",\"position\":1,\"name\":\"Portada\",\"item\":\"https:\/\/www.surfers-residence.com\/\"},{\"@type\":\"ListItem\",\"position\":2,\"name\":\"Septiembre en Tarifa para surfistas: la temporada dorada del viento\"}]},{\"@type\":\"WebSite\",\"@id\":\"https:\/\/www.surfers-residence.com\/#website\",\"url\":\"https:\/\/www.surfers-residence.com\/\",\"name\":\"Surfers Residence\",\"description\":\"The Best Surfer House in Tarifa\",\"potentialAction\":[{\"@type\":\"SearchAction\",\"target\":{\"@type\":\"EntryPoint\",\"urlTemplate\":\"https:\/\/www.surfers-residence.com\/?s={search_term_string}\"},\"query-input\":{\"@type\":\"PropertyValueSpecification\",\"valueRequired\":true,\"valueName\":\"search_term_string\"}}],\"inLanguage\":\"fr-FR\"},{\"@type\":\"Person\",\"@id\":\"https:\/\/www.surfers-residence.com\/#\/schema\/person\/a96b557d6d3bfe4a478db099efcf99d3\",\"name\":\"admin\",\"image\":{\"@type\":\"ImageObject\",\"inLanguage\":\"fr-FR\",\"@id\":\"https:\/\/www.surfers-residence.com\/#\/schema\/person\/image\/\",\"url\":\"https:\/\/secure.gravatar.com\/avatar\/7c2c2556342a0ab19fe5ff8ddbcbc242ee2819bbeb9f6447d41b220b4a720de0?s=96&d=mm&r=g\",\"contentUrl\":\"https:\/\/secure.gravatar.com\/avatar\/7c2c2556342a0ab19fe5ff8ddbcbc242ee2819bbeb9f6447d41b220b4a720de0?s=96&d=mm&r=g\",\"caption\":\"admin\"},\"sameAs\":[\"https:\/\/www.surfers-residence.com\"],\"url\":\"https:\/\/www.surfers-residence.com\/fr\/author\/dev_u4gr8zec\/\"}]}<\/script>\n<!-- \/ Yoast SEO plugin. -->","yoast_head_json":{"title":"Septiembre en Tarifa para surfistas: la temporada dorada del viento - Surfers Residence","robots":{"index":"index","follow":"follow","max-snippet":"max-snippet:-1","max-image-preview":"max-image-preview:large","max-video-preview":"max-video-preview:-1"},"canonical":"https:\/\/www.surfers-residence.com\/fr\/septiembre-tarifa-temporada-dorada\/","og_locale":"fr_FR","og_type":"article","og_title":"Septiembre en Tarifa para surfistas: la temporada dorada del viento - Surfers Residence","og_description":"Por qu\u00e9 septiembre es el mejor mes para surfear en Tarifa: viento perfecto, mar c\u00e1lido, playas sin masificaci\u00f3n y la mejor energ\u00eda de la temporada.","og_url":"https:\/\/www.surfers-residence.com\/fr\/septiembre-tarifa-temporada-dorada\/","og_site_name":"Surfers Residence","article_published_time":"2025-09-01T07:00:00+00:00","author":"admin","twitter_card":"summary_large_image","twitter_misc":{"\u00c9crit par":"admin","Dur\u00e9e de lecture estim\u00e9e":"1 minute"},"schema":{"@context":"https:\/\/schema.org","@graph":[{"@type":"WebPage","@id":"https:\/\/www.surfers-residence.com\/septiembre-tarifa-temporada-dorada\/","url":"https:\/\/www.surfers-residence.com\/septiembre-tarifa-temporada-dorada\/","name":"Septiembre en Tarifa para surfistas: la temporada dorada del viento - Surfers Residence","isPartOf":{"@id":"https:\/\/www.surfers-residence.com\/#website"},"datePublished":"2025-09-01T07:00:00+00:00","author":{"@id":"https:\/\/www.surfers-residence.com\/#\/schema\/person\/a96b557d6d3bfe4a478db099efcf99d3"},"breadcrumb":{"@id":"https:\/\/www.surfers-residence.com\/septiembre-tarifa-temporada-dorada\/#breadcrumb"},"inLanguage":"fr-FR","potentialAction":[{"@type":"ReadAction","target":["https:\/\/www.surfers-residence.com\/septiembre-tarifa-temporada-dorada\/"]}]},{"@type":"BreadcrumbList","@id":"https:\/\/www.surfers-residence.com\/septiembre-tarifa-temporada-dorada\/#breadcrumb","itemListElement":[{"@type":"ListItem","position":1,"name":"Portada","item":"https:\/\/www.surfers-residence.com\/"},{"@type":"ListItem","position":2,"name":"Septiembre en Tarifa para surfistas: la temporada dorada del viento"}]},{"@type":"WebSite","@id":"https:\/\/www.surfers-residence.com\/#website","url":"https:\/\/www.surfers-residence.com\/","name":"Surfers Residence","description":"The Best Surfer House in Tarifa","potentialAction":[{"@type":"SearchAction","target":{"@type":"EntryPoint","urlTemplate":"https:\/\/www.surfers-residence.com\/?s={search_term_string}"},"query-input":{"@type":"PropertyValueSpecification","valueRequired":true,"valueName":"search_term_string"}}],"inLanguage":"fr-FR"},{"@type":"Person","@id":"https:\/\/www.surfers-residence.com\/#\/schema\/person\/a96b557d6d3bfe4a478db099efcf99d3","name":"admin","image":{"@type":"ImageObject","inLanguage":"fr-FR","@id":"https:\/\/www.surfers-residence.com\/#\/schema\/person\/image\/","url":"https:\/\/secure.gravatar.com\/avatar\/7c2c2556342a0ab19fe5ff8ddbcbc242ee2819bbeb9f6447d41b220b4a720de0?s=96&d=mm&r=g","contentUrl":"https:\/\/secure.gravatar.com\/avatar\/7c2c2556342a0ab19fe5ff8ddbcbc242ee2819bbeb9f6447d41b220b4a720de0?s=96&d=mm&r=g","caption":"admin"},"sameAs":["https:\/\/www.surfers-residence.com"],"url":"https:\/\/www.surfers-residence.com\/fr\/author\/dev_u4gr8zec\/"}]}},"_links":{"self":[{"href":"https:\/\/www.surfers-residence.com\/fr\/wp-json\/wp\/v2\/posts\/1167","targetHints":{"allow":["GET"]}}],"collection":[{"href":"https:\/\/www.surfers-residence.com\/fr\/wp-json\/wp\/v2\/posts"}],"about":[{"href":"https:\/\/www.surfers-residence.com\/fr\/wp-json\/wp\/v2\/types\/post"}],"author":[{"embeddable":true,"href":"https:\/\/www.surfers-residence.com\/fr\/wp-json\/wp\/v2\/users\/1"}],"replies":[{"embeddable":true,"href":"https:\/\/www.surfers-residence.com\/fr\/wp-json\/wp\/v2\/comments?post=1167"}],"version-history":[{"count":0,"href":"https:\/\/www.surfers-residence.com\/fr\/wp-json\/wp\/v2\/posts\/1167\/revisions"}],"wp:attachment":[{"href":"https:\/\/www.surfers-residence.com\/fr\/wp-json\/wp\/v2\/media?parent=1167"}],"wp:term":[{"taxonomy":"category","embeddable":true,"href":"https:\/\/www.surfers-residence.com\/fr\/wp-json\/wp\/v2\/categories?post=1167"},{"taxonomy":"post_tag","embeddable":true,"href":"https:\/\/www.surfers-residence.com\/fr\/wp-json\/wp\/v2\/tags?post=1167"}],"curies":[{"name":"wp","href":"https:\/\/api.w.org\/{rel}","templated":true}]}}