{"id":1177,"date":"2025-11-30T09:00:00","date_gmt":"2025-11-30T08:00:00","guid":{"rendered":"https:\/\/www.surfers-residence.com\/?p=224"},"modified":"2025-11-30T09:00:00","modified_gmt":"2025-11-30T08:00:00","slug":"un-ano-surfers-residence-tarifa","status":"publish","type":"post","link":"https:\/\/www.surfers-residence.com\/fr\/un-ano-surfers-residence-tarifa\/","title":{"rendered":"Un an \u00e0 la Surfers Residence : le journal d'un rider qui a fait son entr\u00e9e \u00e0 Tarifa"},"content":{"rendered":"<p>Cet article est un peu diff\u00e9rent des autres. Il ne s'agit pas d'un guide technique, ni d'une liste de conseils. C'est l'histoire de Marco, l'un de nos h\u00f4tes qui est arriv\u00e9 \u00e0 la Surfers Residence pour un cours de cerf-volant et qui n'est pas rentr\u00e9 chez lui. Du moins jusqu'\u00e0 aujourd'hui.<\/p>\n<h2>&#8220;Iba a estar una semana. Me qued\u00e9 seis meses.&amp;#8221 ;<\/h2>\n<p>Marco a 34 ans, il est Milanais et travaille comme d\u00e9veloppeur web \u00e0 distance. &#8220;Je suis arriv\u00e9 en juin de l'ann\u00e9e derni\u00e8re. J'avais r\u00e9serv\u00e9 une semaine, un cours de kitesurf et rien de plus. Le quatri\u00e8me jour, j'ai compris que je ne voulais plus venir...\" ;<\/p>\n<h2>La progresi\u00f3n : de principiante a rider aut\u00f3nomo<\/h2>\n<p>&#8220;J'ai termin\u00e9 le cours de base, j'ai suivi quatre s\u00e9ances en solo et j'ai ensuite suivi des cours avanc\u00e9s avec un instructeur local. En deux mois, j'ai r\u00e9ussi \u00e0 m'habiller et \u00e0 faire un peu de sport. La progression \u00e0 Tarifa est rapide : vous avez tant d'air que vous vous entra\u00eenez tous les jours.&amp;#8221 ;<\/p>\n<h2>Le travail \u00e0 distance et la vie du cavalier<\/h2>\n<p>&#8220;Mi rutina era : levantarme a las 7, check de las previsiones, desayuno con los otros hu\u00e9spedes. Si le temps \u00e9tait bon le matin, je travaillais de 14 \u00e0 20 heures. Si le soleil se l\u00e8ve tard, on travaille toute la journ\u00e9e. Le WiFi \u00e0 la Surfers Residence fonctionne bien, j'ai une partie des vid\u00e9os par semaine et le reste du temps, je peux g\u00e9rer mon emploi du temps.&amp;#8221 ;<\/p>\n<h2>Qu'est-ce qui se passe \u00e0 moins de Milan ?<\/h2>\n<p>&#8220;La pizza, sinc\u00e8rement. Y mis amigos los fines de semana. Mais chaque fois que l'on pense et que l'on miroite sur la terrasse avec l'Atlantique au loin et le vent en poupe&amp;#8230 ; on s'en rend compte&amp;#8221 ;<\/p>\n<h2>Le conseil pour ceux qui pensent \u00e0 venir<\/h2>\n<p>&#8220;Venons-en \u00e0 une saison. Ne faites pas de plans trop rapides. Laissez-vous surprendre. Tarifa fait ce qu'il veut, avec le soleil et avec les gens.&amp;#8221 ;<\/p>\n<p>Merci Marco, pour votre confiance et pour avoir fait de la Surfers Residence un lieu encore plus sp\u00e9cial gr\u00e2ce \u00e0 votre pr\u00e9sence.<\/p>","protected":false},"excerpt":{"rendered":"<p>L'histoire de Marco : arriv\u00e9 \u00e0 la Surfers Residence pour un cours de cerf-volant, il y est rest\u00e9 six mois. Le r\u00e9cit de celui qui a choisi Tarifa comme logement.<\/p>","protected":false},"author":1,"featured_media":0,"comment_status":"open","ping_status":"open","sticky":false,"template":"","format":"standard","meta":{"footnotes":""},"categories":[11,10],"tags":[],"class_list":["post-1177","post","type-post","status-publish","format-standard","hentry","category-surf-lifestyle","category-tarifa"],"yoast_head":"<!-- This site is optimized with the Yoast SEO plugin v25.3 - https:\/\/yoast.com\/wordpress\/plugins\/seo\/ -->\n<title>Un a\u00f1o en la Surfers Residence: el diario de un rider que eligi\u00f3 Tarifa - Surfers Residence<\/title>\n<meta name=\"robots\" content=\"index, follow, max-snippet:-1, max-image-preview:large, max-video-preview:-1\" \/>\n<link rel=\"canonical\" href=\"https:\/\/www.surfers-residence.com\/fr\/un-ano-surfers-residence-tarifa\/\" \/>\n<meta property=\"og:locale\" content=\"fr_FR\" \/>\n<meta property=\"og:type\" content=\"article\" \/>\n<meta property=\"og:title\" content=\"Un a\u00f1o en la Surfers Residence: el diario de un rider que eligi\u00f3 Tarifa - Surfers Residence\" \/>\n<meta property=\"og:description\" content=\"La historia de Marco: lleg\u00f3 a la Surfers Residence para un curso de kite, se qued\u00f3 seis meses. El relato de quien eligi\u00f3 Tarifa como hogar.\" \/>\n<meta property=\"og:url\" content=\"https:\/\/www.surfers-residence.com\/fr\/un-ano-surfers-residence-tarifa\/\" \/>\n<meta property=\"og:site_name\" content=\"Surfers Residence\" \/>\n<meta property=\"article:published_time\" content=\"2025-11-30T08:00:00+00:00\" \/>\n<meta name=\"author\" content=\"admin\" \/>\n<meta name=\"twitter:card\" content=\"summary_large_image\" \/>\n<meta name=\"twitter:label1\" content=\"\u00c9crit par\" \/>\n\t<meta name=\"twitter:data1\" content=\"admin\" \/>\n\t<meta name=\"twitter:label2\" content=\"Dur\u00e9e de lecture estim\u00e9e\" \/>\n\t<meta name=\"twitter:data2\" content=\"2 minutes\" \/>\n<script type=\"application\/ld+json\" class=\"yoast-schema-graph\">{\"@context\":\"https:\/\/schema.org\",\"@graph\":[{\"@type\":\"WebPage\",\"@id\":\"https:\/\/www.surfers-residence.com\/un-ano-surfers-residence-tarifa\/\",\"url\":\"https:\/\/www.surfers-residence.com\/un-ano-surfers-residence-tarifa\/\",\"name\":\"Un a\u00f1o en la Surfers Residence: el diario de un rider que eligi\u00f3 Tarifa - Surfers Residence\",\"isPartOf\":{\"@id\":\"https:\/\/www.surfers-residence.com\/#website\"},\"datePublished\":\"2025-11-30T08:00:00+00:00\",\"author\":{\"@id\":\"https:\/\/www.surfers-residence.com\/#\/schema\/person\/a96b557d6d3bfe4a478db099efcf99d3\"},\"breadcrumb\":{\"@id\":\"https:\/\/www.surfers-residence.com\/un-ano-surfers-residence-tarifa\/#breadcrumb\"},\"inLanguage\":\"fr-FR\",\"potentialAction\":[{\"@type\":\"ReadAction\",\"target\":[\"https:\/\/www.surfers-residence.com\/un-ano-surfers-residence-tarifa\/\"]}]},{\"@type\":\"BreadcrumbList\",\"@id\":\"https:\/\/www.surfers-residence.com\/un-ano-surfers-residence-tarifa\/#breadcrumb\",\"itemListElement\":[{\"@type\":\"ListItem\",\"position\":1,\"name\":\"Portada\",\"item\":\"https:\/\/www.surfers-residence.com\/\"},{\"@type\":\"ListItem\",\"position\":2,\"name\":\"Un a\u00f1o en la Surfers Residence: el diario de un rider que eligi\u00f3 Tarifa\"}]},{\"@type\":\"WebSite\",\"@id\":\"https:\/\/www.surfers-residence.com\/#website\",\"url\":\"https:\/\/www.surfers-residence.com\/\",\"name\":\"Surfers Residence\",\"description\":\"The Best Surfer House in Tarifa\",\"potentialAction\":[{\"@type\":\"SearchAction\",\"target\":{\"@type\":\"EntryPoint\",\"urlTemplate\":\"https:\/\/www.surfers-residence.com\/?s={search_term_string}\"},\"query-input\":{\"@type\":\"PropertyValueSpecification\",\"valueRequired\":true,\"valueName\":\"search_term_string\"}}],\"inLanguage\":\"fr-FR\"},{\"@type\":\"Person\",\"@id\":\"https:\/\/www.surfers-residence.com\/#\/schema\/person\/a96b557d6d3bfe4a478db099efcf99d3\",\"name\":\"admin\",\"image\":{\"@type\":\"ImageObject\",\"inLanguage\":\"fr-FR\",\"@id\":\"https:\/\/www.surfers-residence.com\/#\/schema\/person\/image\/\",\"url\":\"https:\/\/secure.gravatar.com\/avatar\/7c2c2556342a0ab19fe5ff8ddbcbc242ee2819bbeb9f6447d41b220b4a720de0?s=96&d=mm&r=g\",\"contentUrl\":\"https:\/\/secure.gravatar.com\/avatar\/7c2c2556342a0ab19fe5ff8ddbcbc242ee2819bbeb9f6447d41b220b4a720de0?s=96&d=mm&r=g\",\"caption\":\"admin\"},\"sameAs\":[\"https:\/\/www.surfers-residence.com\"],\"url\":\"https:\/\/www.surfers-residence.com\/fr\/author\/dev_u4gr8zec\/\"}]}<\/script>\n<!-- \/ Yoast SEO plugin. -->","yoast_head_json":{"title":"Un a\u00f1o en la Surfers Residence: el diario de un rider que eligi\u00f3 Tarifa - Surfers Residence","robots":{"index":"index","follow":"follow","max-snippet":"max-snippet:-1","max-image-preview":"max-image-preview:large","max-video-preview":"max-video-preview:-1"},"canonical":"https:\/\/www.surfers-residence.com\/fr\/un-ano-surfers-residence-tarifa\/","og_locale":"fr_FR","og_type":"article","og_title":"Un a\u00f1o en la Surfers Residence: el diario de un rider que eligi\u00f3 Tarifa - Surfers Residence","og_description":"La historia de Marco: lleg\u00f3 a la Surfers Residence para un curso de kite, se qued\u00f3 seis meses. El relato de quien eligi\u00f3 Tarifa como hogar.","og_url":"https:\/\/www.surfers-residence.com\/fr\/un-ano-surfers-residence-tarifa\/","og_site_name":"Surfers Residence","article_published_time":"2025-11-30T08:00:00+00:00","author":"admin","twitter_card":"summary_large_image","twitter_misc":{"\u00c9crit par":"admin","Dur\u00e9e de lecture estim\u00e9e":"2 minutes"},"schema":{"@context":"https:\/\/schema.org","@graph":[{"@type":"WebPage","@id":"https:\/\/www.surfers-residence.com\/un-ano-surfers-residence-tarifa\/","url":"https:\/\/www.surfers-residence.com\/un-ano-surfers-residence-tarifa\/","name":"Un a\u00f1o en la Surfers Residence: el diario de un rider que eligi\u00f3 Tarifa - Surfers Residence","isPartOf":{"@id":"https:\/\/www.surfers-residence.com\/#website"},"datePublished":"2025-11-30T08:00:00+00:00","author":{"@id":"https:\/\/www.surfers-residence.com\/#\/schema\/person\/a96b557d6d3bfe4a478db099efcf99d3"},"breadcrumb":{"@id":"https:\/\/www.surfers-residence.com\/un-ano-surfers-residence-tarifa\/#breadcrumb"},"inLanguage":"fr-FR","potentialAction":[{"@type":"ReadAction","target":["https:\/\/www.surfers-residence.com\/un-ano-surfers-residence-tarifa\/"]}]},{"@type":"BreadcrumbList","@id":"https:\/\/www.surfers-residence.com\/un-ano-surfers-residence-tarifa\/#breadcrumb","itemListElement":[{"@type":"ListItem","position":1,"name":"Portada","item":"https:\/\/www.surfers-residence.com\/"},{"@type":"ListItem","position":2,"name":"Un a\u00f1o en la Surfers Residence: el diario de un rider que eligi\u00f3 Tarifa"}]},{"@type":"WebSite","@id":"https:\/\/www.surfers-residence.com\/#website","url":"https:\/\/www.surfers-residence.com\/","name":"Surfers Residence","description":"The Best Surfer House in Tarifa","potentialAction":[{"@type":"SearchAction","target":{"@type":"EntryPoint","urlTemplate":"https:\/\/www.surfers-residence.com\/?s={search_term_string}"},"query-input":{"@type":"PropertyValueSpecification","valueRequired":true,"valueName":"search_term_string"}}],"inLanguage":"fr-FR"},{"@type":"Person","@id":"https:\/\/www.surfers-residence.com\/#\/schema\/person\/a96b557d6d3bfe4a478db099efcf99d3","name":"admin","image":{"@type":"ImageObject","inLanguage":"fr-FR","@id":"https:\/\/www.surfers-residence.com\/#\/schema\/person\/image\/","url":"https:\/\/secure.gravatar.com\/avatar\/7c2c2556342a0ab19fe5ff8ddbcbc242ee2819bbeb9f6447d41b220b4a720de0?s=96&d=mm&r=g","contentUrl":"https:\/\/secure.gravatar.com\/avatar\/7c2c2556342a0ab19fe5ff8ddbcbc242ee2819bbeb9f6447d41b220b4a720de0?s=96&d=mm&r=g","caption":"admin"},"sameAs":["https:\/\/www.surfers-residence.com"],"url":"https:\/\/www.surfers-residence.com\/fr\/author\/dev_u4gr8zec\/"}]}},"_links":{"self":[{"href":"https:\/\/www.surfers-residence.com\/fr\/wp-json\/wp\/v2\/posts\/1177","targetHints":{"allow":["GET"]}}],"collection":[{"href":"https:\/\/www.surfers-residence.com\/fr\/wp-json\/wp\/v2\/posts"}],"about":[{"href":"https:\/\/www.surfers-residence.com\/fr\/wp-json\/wp\/v2\/types\/post"}],"author":[{"embeddable":true,"href":"https:\/\/www.surfers-residence.com\/fr\/wp-json\/wp\/v2\/users\/1"}],"replies":[{"embeddable":true,"href":"https:\/\/www.surfers-residence.com\/fr\/wp-json\/wp\/v2\/comments?post=1177"}],"version-history":[{"count":0,"href":"https:\/\/www.surfers-residence.com\/fr\/wp-json\/wp\/v2\/posts\/1177\/revisions"}],"wp:attachment":[{"href":"https:\/\/www.surfers-residence.com\/fr\/wp-json\/wp\/v2\/media?parent=1177"}],"wp:term":[{"taxonomy":"category","embeddable":true,"href":"https:\/\/www.surfers-residence.com\/fr\/wp-json\/wp\/v2\/categories?post=1177"},{"taxonomy":"post_tag","embeddable":true,"href":"https:\/\/www.surfers-residence.com\/fr\/wp-json\/wp\/v2\/tags?post=1177"}],"curies":[{"name":"wp","href":"https:\/\/api.w.org\/{rel}","templated":true}]}}