{"id":1167,"date":"2025-09-01T09:00:00","date_gmt":"2025-09-01T07:00:00","guid":{"rendered":"https:\/\/www.surfers-residence.com\/?p=213"},"modified":"2025-09-01T09:00:00","modified_gmt":"2025-09-01T07:00:00","slug":"septiembre-tarifa-temporada-dorada","status":"publish","type":"post","link":"https:\/\/www.surfers-residence.com\/pt\/septiembre-tarifa-temporada-dorada\/","title":{"rendered":"setembro em Tarifa para surfistas: a temporada dourada do vento"},"content":{"rendered":"<p>Se h\u00e1 um m\u00eas que os cavaleiros de Tarifa assinalam no calend\u00e1rio com fervor quase religioso, esse \u00e9 setembro. O ver\u00e3o vai-se embora, os turistas tamb\u00e9m, e o Estreito cai para os que de facto vieram surfar.<\/p>\n<h2>O vento em setembro<\/h2>\n<p>O m\u00eas de setembro combina o melhor do ver\u00e3o e do outono: o vento continua a ser forte e constante, mas com menos rachas extremas do que em agosto. As aberturas de vento s\u00e3o mais largas e regulares. Para os ciclistas interm\u00e9dios, \u00e9 o m\u00eas ideal: pot\u00eancia suficiente para progredir, estabilidade suficiente para desfrutar.<\/p>\n<h2>A \u00e1gua: 23\u00b0C e cristalina<\/h2>\n<p>Depois de tr\u00eas meses de calentamento estival, o Atl\u00e2ntico chega a setembro no seu ponto m\u00e1ximo de temperatura. Um traje de 3\/2 mm \u00e9 mais do que suficiente para sess\u00f5es de v\u00e1rias horas. A \u00e1gua clara e c\u00e1lida faz com que seja dif\u00edcil resistir a ficar na \u00e1gua.<\/p>\n<h2>A praia sem aglomera\u00e7\u00f5es<\/h2>\n<p>Este \u00e9 o grande segredo de setembro: Los Lances recupera o seu espa\u00e7o. Poder\u00e1 lan\u00e7ar o papagaio sem se preocupar com crian\u00e7as a correr, sem colas nos chiringuitos e sem ter de procurar um lugar no parque de estacionamento. A praia passa a ser dos cavaleiros.<\/p>\n<h2>A Resid\u00eancia dos Surfistas em setembro<\/h2>\n<p>setembro \u00e9 um dos nossos meses favoritos na nossa casa. A mistura de h\u00f3spedes \u00e9 perfeita: cavaleiros que se repetem pelo terceiro ou quarto ano, principiantes motivados que querem aproveitar as melhores condi\u00e7\u00f5es, e algum local que de vez em quando se junta \u00e0 esplanada da tarde. Reserve com tempo: setembro ser\u00e1 r\u00e1pido.<\/p>","protected":false},"excerpt":{"rendered":"<p>Porque \u00e9 que setembro \u00e9 o melhor m\u00eas para surfar em Tarifa: vento perfeito, mar c\u00e1lido, praias sem massifica\u00e7\u00e3o e a melhor energia da \u00e9poca.<\/p>","protected":false},"author":1,"featured_media":0,"comment_status":"open","ping_status":"open","sticky":false,"template":"","format":"standard","meta":{"footnotes":""},"categories":[11,10],"tags":[],"class_list":["post-1167","post","type-post","status-publish","format-standard","hentry","category-surf-lifestyle","category-tarifa"],"yoast_head":"<!-- This site is optimized with the Yoast SEO plugin v25.3 - https:\/\/yoast.com\/wordpress\/plugins\/seo\/ -->\n<title>Septiembre en Tarifa para surfistas: la temporada dorada del viento - Surfers Residence<\/title>\n<meta name=\"robots\" content=\"index, follow, max-snippet:-1, max-image-preview:large, max-video-preview:-1\" \/>\n<link rel=\"canonical\" href=\"https:\/\/www.surfers-residence.com\/pt\/septiembre-tarifa-temporada-dorada\/\" \/>\n<meta property=\"og:locale\" content=\"pt_PT\" \/>\n<meta property=\"og:type\" content=\"article\" \/>\n<meta property=\"og:title\" content=\"Septiembre en Tarifa para surfistas: la temporada dorada del viento - Surfers Residence\" \/>\n<meta property=\"og:description\" content=\"Por qu\u00e9 septiembre es el mejor mes para surfear en Tarifa: viento perfecto, mar c\u00e1lido, playas sin masificaci\u00f3n y la mejor energ\u00eda de la temporada.\" \/>\n<meta property=\"og:url\" content=\"https:\/\/www.surfers-residence.com\/pt\/septiembre-tarifa-temporada-dorada\/\" \/>\n<meta property=\"og:site_name\" content=\"Surfers Residence\" \/>\n<meta property=\"article:published_time\" content=\"2025-09-01T07:00:00+00:00\" \/>\n<meta name=\"author\" content=\"admin\" \/>\n<meta name=\"twitter:card\" content=\"summary_large_image\" \/>\n<meta name=\"twitter:label1\" content=\"Escrito por\" \/>\n\t<meta name=\"twitter:data1\" content=\"admin\" \/>\n\t<meta name=\"twitter:label2\" content=\"Tempo estimado de leitura\" \/>\n\t<meta name=\"twitter:data2\" content=\"1 minuto\" \/>\n<script type=\"application\/ld+json\" class=\"yoast-schema-graph\">{\"@context\":\"https:\/\/schema.org\",\"@graph\":[{\"@type\":\"WebPage\",\"@id\":\"https:\/\/www.surfers-residence.com\/septiembre-tarifa-temporada-dorada\/\",\"url\":\"https:\/\/www.surfers-residence.com\/septiembre-tarifa-temporada-dorada\/\",\"name\":\"Septiembre en Tarifa para surfistas: la temporada dorada del viento - Surfers Residence\",\"isPartOf\":{\"@id\":\"https:\/\/www.surfers-residence.com\/#website\"},\"datePublished\":\"2025-09-01T07:00:00+00:00\",\"author\":{\"@id\":\"https:\/\/www.surfers-residence.com\/#\/schema\/person\/a96b557d6d3bfe4a478db099efcf99d3\"},\"breadcrumb\":{\"@id\":\"https:\/\/www.surfers-residence.com\/septiembre-tarifa-temporada-dorada\/#breadcrumb\"},\"inLanguage\":\"pt-PT\",\"potentialAction\":[{\"@type\":\"ReadAction\",\"target\":[\"https:\/\/www.surfers-residence.com\/septiembre-tarifa-temporada-dorada\/\"]}]},{\"@type\":\"BreadcrumbList\",\"@id\":\"https:\/\/www.surfers-residence.com\/septiembre-tarifa-temporada-dorada\/#breadcrumb\",\"itemListElement\":[{\"@type\":\"ListItem\",\"position\":1,\"name\":\"Portada\",\"item\":\"https:\/\/www.surfers-residence.com\/\"},{\"@type\":\"ListItem\",\"position\":2,\"name\":\"Septiembre en Tarifa para surfistas: la temporada dorada del viento\"}]},{\"@type\":\"WebSite\",\"@id\":\"https:\/\/www.surfers-residence.com\/#website\",\"url\":\"https:\/\/www.surfers-residence.com\/\",\"name\":\"Surfers Residence\",\"description\":\"The Best Surfer House in Tarifa\",\"potentialAction\":[{\"@type\":\"SearchAction\",\"target\":{\"@type\":\"EntryPoint\",\"urlTemplate\":\"https:\/\/www.surfers-residence.com\/?s={search_term_string}\"},\"query-input\":{\"@type\":\"PropertyValueSpecification\",\"valueRequired\":true,\"valueName\":\"search_term_string\"}}],\"inLanguage\":\"pt-PT\"},{\"@type\":\"Person\",\"@id\":\"https:\/\/www.surfers-residence.com\/#\/schema\/person\/a96b557d6d3bfe4a478db099efcf99d3\",\"name\":\"admin\",\"image\":{\"@type\":\"ImageObject\",\"inLanguage\":\"pt-PT\",\"@id\":\"https:\/\/www.surfers-residence.com\/#\/schema\/person\/image\/\",\"url\":\"https:\/\/secure.gravatar.com\/avatar\/7c2c2556342a0ab19fe5ff8ddbcbc242ee2819bbeb9f6447d41b220b4a720de0?s=96&d=mm&r=g\",\"contentUrl\":\"https:\/\/secure.gravatar.com\/avatar\/7c2c2556342a0ab19fe5ff8ddbcbc242ee2819bbeb9f6447d41b220b4a720de0?s=96&d=mm&r=g\",\"caption\":\"admin\"},\"sameAs\":[\"https:\/\/www.surfers-residence.com\"],\"url\":\"https:\/\/www.surfers-residence.com\/pt\/author\/dev_u4gr8zec\/\"}]}<\/script>\n<!-- \/ Yoast SEO plugin. -->","yoast_head_json":{"title":"Septiembre en Tarifa para surfistas: la temporada dorada del viento - Surfers Residence","robots":{"index":"index","follow":"follow","max-snippet":"max-snippet:-1","max-image-preview":"max-image-preview:large","max-video-preview":"max-video-preview:-1"},"canonical":"https:\/\/www.surfers-residence.com\/pt\/septiembre-tarifa-temporada-dorada\/","og_locale":"pt_PT","og_type":"article","og_title":"Septiembre en Tarifa para surfistas: la temporada dorada del viento - Surfers Residence","og_description":"Por qu\u00e9 septiembre es el mejor mes para surfear en Tarifa: viento perfecto, mar c\u00e1lido, playas sin masificaci\u00f3n y la mejor energ\u00eda de la temporada.","og_url":"https:\/\/www.surfers-residence.com\/pt\/septiembre-tarifa-temporada-dorada\/","og_site_name":"Surfers Residence","article_published_time":"2025-09-01T07:00:00+00:00","author":"admin","twitter_card":"summary_large_image","twitter_misc":{"Escrito por":"admin","Tempo estimado de leitura":"1 minuto"},"schema":{"@context":"https:\/\/schema.org","@graph":[{"@type":"WebPage","@id":"https:\/\/www.surfers-residence.com\/septiembre-tarifa-temporada-dorada\/","url":"https:\/\/www.surfers-residence.com\/septiembre-tarifa-temporada-dorada\/","name":"Septiembre en Tarifa para surfistas: la temporada dorada del viento - Surfers Residence","isPartOf":{"@id":"https:\/\/www.surfers-residence.com\/#website"},"datePublished":"2025-09-01T07:00:00+00:00","author":{"@id":"https:\/\/www.surfers-residence.com\/#\/schema\/person\/a96b557d6d3bfe4a478db099efcf99d3"},"breadcrumb":{"@id":"https:\/\/www.surfers-residence.com\/septiembre-tarifa-temporada-dorada\/#breadcrumb"},"inLanguage":"pt-PT","potentialAction":[{"@type":"ReadAction","target":["https:\/\/www.surfers-residence.com\/septiembre-tarifa-temporada-dorada\/"]}]},{"@type":"BreadcrumbList","@id":"https:\/\/www.surfers-residence.com\/septiembre-tarifa-temporada-dorada\/#breadcrumb","itemListElement":[{"@type":"ListItem","position":1,"name":"Portada","item":"https:\/\/www.surfers-residence.com\/"},{"@type":"ListItem","position":2,"name":"Septiembre en Tarifa para surfistas: la temporada dorada del viento"}]},{"@type":"WebSite","@id":"https:\/\/www.surfers-residence.com\/#website","url":"https:\/\/www.surfers-residence.com\/","name":"Surfers Residence","description":"The Best Surfer House in Tarifa","potentialAction":[{"@type":"SearchAction","target":{"@type":"EntryPoint","urlTemplate":"https:\/\/www.surfers-residence.com\/?s={search_term_string}"},"query-input":{"@type":"PropertyValueSpecification","valueRequired":true,"valueName":"search_term_string"}}],"inLanguage":"pt-PT"},{"@type":"Person","@id":"https:\/\/www.surfers-residence.com\/#\/schema\/person\/a96b557d6d3bfe4a478db099efcf99d3","name":"admin","image":{"@type":"ImageObject","inLanguage":"pt-PT","@id":"https:\/\/www.surfers-residence.com\/#\/schema\/person\/image\/","url":"https:\/\/secure.gravatar.com\/avatar\/7c2c2556342a0ab19fe5ff8ddbcbc242ee2819bbeb9f6447d41b220b4a720de0?s=96&d=mm&r=g","contentUrl":"https:\/\/secure.gravatar.com\/avatar\/7c2c2556342a0ab19fe5ff8ddbcbc242ee2819bbeb9f6447d41b220b4a720de0?s=96&d=mm&r=g","caption":"admin"},"sameAs":["https:\/\/www.surfers-residence.com"],"url":"https:\/\/www.surfers-residence.com\/pt\/author\/dev_u4gr8zec\/"}]}},"_links":{"self":[{"href":"https:\/\/www.surfers-residence.com\/pt\/wp-json\/wp\/v2\/posts\/1167","targetHints":{"allow":["GET"]}}],"collection":[{"href":"https:\/\/www.surfers-residence.com\/pt\/wp-json\/wp\/v2\/posts"}],"about":[{"href":"https:\/\/www.surfers-residence.com\/pt\/wp-json\/wp\/v2\/types\/post"}],"author":[{"embeddable":true,"href":"https:\/\/www.surfers-residence.com\/pt\/wp-json\/wp\/v2\/users\/1"}],"replies":[{"embeddable":true,"href":"https:\/\/www.surfers-residence.com\/pt\/wp-json\/wp\/v2\/comments?post=1167"}],"version-history":[{"count":0,"href":"https:\/\/www.surfers-residence.com\/pt\/wp-json\/wp\/v2\/posts\/1167\/revisions"}],"wp:attachment":[{"href":"https:\/\/www.surfers-residence.com\/pt\/wp-json\/wp\/v2\/media?parent=1167"}],"wp:term":[{"taxonomy":"category","embeddable":true,"href":"https:\/\/www.surfers-residence.com\/pt\/wp-json\/wp\/v2\/categories?post=1167"},{"taxonomy":"post_tag","embeddable":true,"href":"https:\/\/www.surfers-residence.com\/pt\/wp-json\/wp\/v2\/tags?post=1167"}],"curies":[{"name":"wp","href":"https:\/\/api.w.org\/{rel}","templated":true}]}}